{"id":2224,"date":"2019-04-01T15:07:41","date_gmt":"2019-04-01T13:07:41","guid":{"rendered":"https:\/\/www.gite-montagne.com\/?p=2224"},"modified":"2019-04-01T15:22:53","modified_gmt":"2019-04-01T13:22:53","slug":"tour-de-france-2019-dans-les-hautes-alpes-embrun-valloir","status":"publish","type":"post","link":"https:\/\/www.lajarbelle.com\/index.php\/2019\/04\/01\/tour-de-france-2019-dans-les-hautes-alpes-embrun-valloir\/","title":{"rendered":"Tour de France 2019 dans les Hautes-Alpes : Embrun => Valloir"},"content":{"rendered":"\t\t<div data-elementor-type=\"wp-post\" data-elementor-id=\"2224\" class=\"elementor elementor-2224\" data-elementor-post-type=\"post\">\n\t\t\t\t\t\t<section class=\"elementor-section elementor-top-section elementor-element elementor-element-7e2edd1 elementor-section-boxed elementor-section-height-default elementor-section-height-default\" data-id=\"7e2edd1\" data-element_type=\"section\" data-e-type=\"section\">\n\t\t\t\t\t\t<div class=\"elementor-container elementor-column-gap-default\">\n\t\t\t\t\t<div class=\"elementor-column elementor-col-100 elementor-top-column elementor-element elementor-element-704a3c1\" data-id=\"704a3c1\" data-element_type=\"column\" data-e-type=\"column\">\n\t\t\t<div class=\"elementor-widget-wrap elementor-element-populated\">\n\t\t\t\t\t\t<div class=\"elementor-element elementor-element-582a52a elementor-widget elementor-widget-text-editor\" data-id=\"582a52a\" data-element_type=\"widget\" data-e-type=\"widget\" data-widget_type=\"text-editor.default\">\n\t\t\t\t<div class=\"elementor-widget-container\">\n\t\t\t\t\t\t\t\t\t<p>Le jeudi 24 juillet 2019, au d\u00e9part d&rsquo;Embrun, les grimpeurs auront une occasion d\u2019exprimer leurs capacit\u00e9s en haute montagne sur cette premi\u00e8re grande \u00e9tape alpestre, o\u00f9 ils devront se hisser \u00e0 trois reprises au-del\u00e0 de la barre des 2 000 m\u00e8tres d\u2019altitude\u2026 une raret\u00e9 sur une \u00e9tape du Tour de France. En l\u2019occurrence, le triptyque est compos\u00e9 des ascensions des cols de Vars (2109m), d\u2019Izoard (2360m)et du Galibier (2642m) !<\/p>\t\t\t\t\t\t\t\t<\/div>\n\t\t\t\t<\/div>\n\t\t\t\t\t<\/div>\n\t\t<\/div>\n\t\t\t\t\t<\/div>\n\t\t<\/section>\n\t\t\t\t<section class=\"elementor-section elementor-top-section elementor-element elementor-element-b79d920 elementor-section-boxed elementor-section-height-default elementor-section-height-default\" data-id=\"b79d920\" data-element_type=\"section\" data-e-type=\"section\">\n\t\t\t\t\t\t<div class=\"elementor-container elementor-column-gap-default\">\n\t\t\t\t\t<div class=\"elementor-column elementor-col-100 elementor-top-column elementor-element elementor-element-5ae270a\" data-id=\"5ae270a\" data-element_type=\"column\" data-e-type=\"column\">\n\t\t\t<div class=\"elementor-widget-wrap elementor-element-populated\">\n\t\t\t\t\t\t<div class=\"elementor-element elementor-element-741bb93 elementor-widget elementor-widget-image\" data-id=\"741bb93\" data-element_type=\"widget\" data-e-type=\"widget\" data-widget_type=\"image.default\">\n\t\t\t\t<div class=\"elementor-widget-container\">\n\t\t\t\t\t\t\t\t\t\t\t\t\t\t\t<img fetchpriority=\"high\" decoding=\"async\" width=\"768\" height=\"307\" src=\"https:\/\/www.lajarbelle.com\/wp-content\/uploads\/2019\/04\/profil-etape-2019.jpg\" class=\"attachment-large size-large wp-image-2227\" alt=\"\" srcset=\"https:\/\/www.lajarbelle.com\/wp-content\/uploads\/2019\/04\/profil-etape-2019.jpg 960w, https:\/\/www.lajarbelle.com\/wp-content\/uploads\/2019\/04\/profil-etape-2019-300x120.jpg 300w, https:\/\/www.lajarbelle.com\/wp-content\/uploads\/2019\/04\/profil-etape-2019-768x307.jpg 768w, https:\/\/www.lajarbelle.com\/wp-content\/uploads\/2019\/04\/profil-etape-2019-16x6.jpg 16w\" sizes=\"(max-width: 768px) 100vw, 768px\" \/>\t\t\t\t\t\t\t\t\t\t\t\t\t\t\t<\/div>\n\t\t\t\t<\/div>\n\t\t\t\t\t<\/div>\n\t\t<\/div>\n\t\t\t\t\t<\/div>\n\t\t<\/section>\n\t\t\t\t<\/div>\n\t\t","protected":false},"excerpt":{"rendered":"<p>Le jeudi 24 juillet 2019, au d\u00e9part d&rsquo;Embrun, les grimpeurs auront une occasion d\u2019exprimer leurs capacit\u00e9s en haute montagne sur cette premi\u00e8re grande \u00e9tape alpestre, o\u00f9 ils devront se hisser \u00e0 trois reprises au-del\u00e0 de la barre des 2 000 m\u00e8tres d\u2019altitude\u2026 une raret\u00e9 sur une \u00e9tape du Tour de France. En l\u2019occurrence, le triptyque [&hellip;]<\/p>\n","protected":false},"author":1,"featured_media":2229,"comment_status":"closed","ping_status":"open","sticky":false,"template":"","format":"standard","meta":{"footnotes":""},"categories":[17,79],"tags":[],"class_list":["post-2224","post","type-post","status-publish","format-standard","has-post-thumbnail","hentry","category-attractions","category-sports-ete"],"yoast_head":"<!-- This site is optimized with the Yoast SEO Premium plugin v25.6 (Yoast SEO v27.5) - https:\/\/yoast.com\/product\/yoast-seo-premium-wordpress\/ -->\n<title>Tour de France 2019 dans les Hautes-Alpes : Embrun =&gt; Valloir<\/title>\n<meta name=\"description\" content=\"Le jeudi 24 juillet 2019, au d\u00e9part d\u2019Embrun, les grimpeurs auront une occasion d\u2019exprimer leurs capacit\u00e9s en haute montagne sur cette premi\u00e8re grande \u00e9tape alpestre.\" \/>\n<meta name=\"robots\" content=\"index, follow, max-snippet:-1, max-image-preview:large, max-video-preview:-1\" \/>\n<link rel=\"canonical\" href=\"https:\/\/www.lajarbelle.com\/index.php\/2019\/04\/01\/tour-de-france-2019-dans-les-hautes-alpes-embrun-valloir\/\" \/>\n<meta property=\"og:locale\" content=\"fr_FR\" \/>\n<meta property=\"og:type\" content=\"article\" \/>\n<meta property=\"og:title\" content=\"Tour de France 2019 dans les Hautes-Alpes : Embrun =&gt; Valloir\" \/>\n<meta property=\"og:description\" content=\"Le jeudi 24 juillet 2019, au d\u00e9part d\u2019Embrun, les grimpeurs auront une occasion d\u2019exprimer leurs capacit\u00e9s en haute montagne sur cette premi\u00e8re grande \u00e9tape alpestre.\" \/>\n<meta property=\"og:url\" content=\"https:\/\/www.lajarbelle.com\/index.php\/2019\/04\/01\/tour-de-france-2019-dans-les-hautes-alpes-embrun-valloir\/\" \/>\n<meta property=\"og:site_name\" content=\"La Jarbelle - G\u00eetes et Spa\" \/>\n<meta property=\"article:publisher\" content=\"https:\/\/www.facebook.com\/gitelajarbelle\" \/>\n<meta property=\"article:published_time\" content=\"2019-04-01T13:07:41+00:00\" \/>\n<meta property=\"article:modified_time\" content=\"2019-04-01T13:22:53+00:00\" \/>\n<meta property=\"og:image\" content=\"https:\/\/www.gite-montagne.com\/wp-content\/uploads\/2019\/04\/tour-de-france.jpg\" \/>\n<meta name=\"author\" content=\"La jarbelle\" \/>\n<meta name=\"twitter:card\" content=\"summary_large_image\" \/>\n<meta name=\"twitter:title\" content=\"Tour de France 2019 dans les Hautes-Alpes : Embrun =&gt; Valloir\" \/>\n<meta name=\"twitter:creator\" content=\"@lajarbelle\" \/>\n<meta name=\"twitter:site\" content=\"@lajarbelle\" \/>\n<meta name=\"twitter:label1\" content=\"\u00c9crit par\" \/>\n\t<meta name=\"twitter:data1\" content=\"La jarbelle\" \/>\n<script type=\"application\/ld+json\" class=\"yoast-schema-graph\">{\"@context\":\"https:\\\/\\\/schema.org\",\"@graph\":[{\"@type\":\"Article\",\"@id\":\"https:\\\/\\\/www.lajarbelle.com\\\/index.php\\\/2019\\\/04\\\/01\\\/tour-de-france-2019-dans-les-hautes-alpes-embrun-valloir\\\/#article\",\"isPartOf\":{\"@id\":\"https:\\\/\\\/www.lajarbelle.com\\\/index.php\\\/2019\\\/04\\\/01\\\/tour-de-france-2019-dans-les-hautes-alpes-embrun-valloir\\\/\"},\"author\":{\"name\":\"La jarbelle\",\"@id\":\"https:\\\/\\\/www.lajarbelle.com\\\/#\\\/schema\\\/person\\\/afa2d71425f6eacce0931f3031f7d80f\"},\"headline\":\"Tour de France 2019 dans les Hautes-Alpes : Embrun => Valloir\",\"datePublished\":\"2019-04-01T13:07:41+00:00\",\"dateModified\":\"2019-04-01T13:22:53+00:00\",\"mainEntityOfPage\":{\"@id\":\"https:\\\/\\\/www.lajarbelle.com\\\/index.php\\\/2019\\\/04\\\/01\\\/tour-de-france-2019-dans-les-hautes-alpes-embrun-valloir\\\/\"},\"wordCount\":81,\"publisher\":{\"@id\":\"https:\\\/\\\/www.lajarbelle.com\\\/#organization\"},\"image\":{\"@id\":\"https:\\\/\\\/www.lajarbelle.com\\\/index.php\\\/2019\\\/04\\\/01\\\/tour-de-france-2019-dans-les-hautes-alpes-embrun-valloir\\\/#primaryimage\"},\"thumbnailUrl\":\"https:\\\/\\\/www.lajarbelle.com\\\/wp-content\\\/uploads\\\/2019\\\/04\\\/tour-de-france.jpg\",\"articleSection\":[\"Attractions\",\"Sports \u00e9t\u00e9\"],\"inLanguage\":\"fr-FR\"},{\"@type\":\"WebPage\",\"@id\":\"https:\\\/\\\/www.lajarbelle.com\\\/index.php\\\/2019\\\/04\\\/01\\\/tour-de-france-2019-dans-les-hautes-alpes-embrun-valloir\\\/\",\"url\":\"https:\\\/\\\/www.lajarbelle.com\\\/index.php\\\/2019\\\/04\\\/01\\\/tour-de-france-2019-dans-les-hautes-alpes-embrun-valloir\\\/\",\"name\":\"Tour de France 2019 dans les Hautes-Alpes : Embrun =&gt; Valloir\",\"isPartOf\":{\"@id\":\"https:\\\/\\\/www.lajarbelle.com\\\/#website\"},\"primaryImageOfPage\":{\"@id\":\"https:\\\/\\\/www.lajarbelle.com\\\/index.php\\\/2019\\\/04\\\/01\\\/tour-de-france-2019-dans-les-hautes-alpes-embrun-valloir\\\/#primaryimage\"},\"image\":{\"@id\":\"https:\\\/\\\/www.lajarbelle.com\\\/index.php\\\/2019\\\/04\\\/01\\\/tour-de-france-2019-dans-les-hautes-alpes-embrun-valloir\\\/#primaryimage\"},\"thumbnailUrl\":\"https:\\\/\\\/www.lajarbelle.com\\\/wp-content\\\/uploads\\\/2019\\\/04\\\/tour-de-france.jpg\",\"datePublished\":\"2019-04-01T13:07:41+00:00\",\"dateModified\":\"2019-04-01T13:22:53+00:00\",\"description\":\"Le jeudi 24 juillet 2019, au d\u00e9part d\u2019Embrun, les grimpeurs auront une occasion d\u2019exprimer leurs capacit\u00e9s en haute montagne sur cette premi\u00e8re grande \u00e9tape alpestre.\",\"breadcrumb\":{\"@id\":\"https:\\\/\\\/www.lajarbelle.com\\\/index.php\\\/2019\\\/04\\\/01\\\/tour-de-france-2019-dans-les-hautes-alpes-embrun-valloir\\\/#breadcrumb\"},\"inLanguage\":\"fr-FR\",\"potentialAction\":[{\"@type\":\"ReadAction\",\"target\":[\"https:\\\/\\\/www.lajarbelle.com\\\/index.php\\\/2019\\\/04\\\/01\\\/tour-de-france-2019-dans-les-hautes-alpes-embrun-valloir\\\/\"]}]},{\"@type\":\"ImageObject\",\"inLanguage\":\"fr-FR\",\"@id\":\"https:\\\/\\\/www.lajarbelle.com\\\/index.php\\\/2019\\\/04\\\/01\\\/tour-de-france-2019-dans-les-hautes-alpes-embrun-valloir\\\/#primaryimage\",\"url\":\"https:\\\/\\\/www.lajarbelle.com\\\/wp-content\\\/uploads\\\/2019\\\/04\\\/tour-de-france.jpg\",\"contentUrl\":\"https:\\\/\\\/www.lajarbelle.com\\\/wp-content\\\/uploads\\\/2019\\\/04\\\/tour-de-france.jpg\",\"width\":870,\"height\":489},{\"@type\":\"BreadcrumbList\",\"@id\":\"https:\\\/\\\/www.lajarbelle.com\\\/index.php\\\/2019\\\/04\\\/01\\\/tour-de-france-2019-dans-les-hautes-alpes-embrun-valloir\\\/#breadcrumb\",\"itemListElement\":[{\"@type\":\"ListItem\",\"position\":1,\"name\":\"Accueil\",\"item\":\"https:\\\/\\\/www.lajarbelle.com\\\/\"},{\"@type\":\"ListItem\",\"position\":2,\"name\":\"Tour de France 2019 dans les Hautes-Alpes : Embrun => Valloir\"}]},{\"@type\":\"WebSite\",\"@id\":\"https:\\\/\\\/www.lajarbelle.com\\\/#website\",\"url\":\"https:\\\/\\\/www.lajarbelle.com\\\/\",\"name\":\"La Jarbelle - G\u00eetes et Spa\",\"description\":\"Le bien-\u00eatre \u00e0 la montagne\",\"publisher\":{\"@id\":\"https:\\\/\\\/www.lajarbelle.com\\\/#organization\"},\"potentialAction\":[{\"@type\":\"SearchAction\",\"target\":{\"@type\":\"EntryPoint\",\"urlTemplate\":\"https:\\\/\\\/www.lajarbelle.com\\\/?s={search_term_string}\"},\"query-input\":{\"@type\":\"PropertyValueSpecification\",\"valueRequired\":true,\"valueName\":\"search_term_string\"}}],\"inLanguage\":\"fr-FR\"},{\"@type\":\"Organization\",\"@id\":\"https:\\\/\\\/www.lajarbelle.com\\\/#organization\",\"name\":\"SAS LA JARBELLE\",\"url\":\"https:\\\/\\\/www.lajarbelle.com\\\/\",\"logo\":{\"@type\":\"ImageObject\",\"inLanguage\":\"fr-FR\",\"@id\":\"https:\\\/\\\/www.lajarbelle.com\\\/#\\\/schema\\\/logo\\\/image\\\/\",\"url\":\"https:\\\/\\\/www.lajarbelle.com\\\/wp-content\\\/uploads\\\/2020\\\/05\\\/icone_lajarbelle.png\",\"contentUrl\":\"https:\\\/\\\/www.lajarbelle.com\\\/wp-content\\\/uploads\\\/2020\\\/05\\\/icone_lajarbelle.png\",\"width\":250,\"height\":250,\"caption\":\"SAS LA JARBELLE\"},\"image\":{\"@id\":\"https:\\\/\\\/www.lajarbelle.com\\\/#\\\/schema\\\/logo\\\/image\\\/\"},\"sameAs\":[\"https:\\\/\\\/www.facebook.com\\\/gitelajarbelle\",\"https:\\\/\\\/x.com\\\/lajarbelle\",\"https:\\\/\\\/instagram.com\\\/gite_lajarbelle\",\"http:\\\/\\\/www.linkedin.com\\\/in\\\/guillaume-plisson-05200\",\"https:\\\/\\\/www.pinterest.fr\\\/lajarbelle\"]},{\"@type\":\"Person\",\"@id\":\"https:\\\/\\\/www.lajarbelle.com\\\/#\\\/schema\\\/person\\\/afa2d71425f6eacce0931f3031f7d80f\",\"name\":\"La jarbelle\",\"image\":{\"@type\":\"ImageObject\",\"inLanguage\":\"fr-FR\",\"@id\":\"https:\\\/\\\/secure.gravatar.com\\\/avatar\\\/3e736281943c32c619f314e14fd361dad3c4e800935c4fe65c9df7cd105cd96c?s=96&d=mm&r=g\",\"url\":\"https:\\\/\\\/secure.gravatar.com\\\/avatar\\\/3e736281943c32c619f314e14fd361dad3c4e800935c4fe65c9df7cd105cd96c?s=96&d=mm&r=g\",\"contentUrl\":\"https:\\\/\\\/secure.gravatar.com\\\/avatar\\\/3e736281943c32c619f314e14fd361dad3c4e800935c4fe65c9df7cd105cd96c?s=96&d=mm&r=g\",\"caption\":\"La jarbelle\"}}]}<\/script>\n<!-- \/ Yoast SEO Premium plugin. -->","yoast_head_json":{"title":"Tour de France 2019 dans les Hautes-Alpes : Embrun =&gt; Valloir","description":"Le jeudi 24 juillet 2019, au d\u00e9part d\u2019Embrun, les grimpeurs auront une occasion d\u2019exprimer leurs capacit\u00e9s en haute montagne sur cette premi\u00e8re grande \u00e9tape alpestre.","robots":{"index":"index","follow":"follow","max-snippet":"max-snippet:-1","max-image-preview":"max-image-preview:large","max-video-preview":"max-video-preview:-1"},"canonical":"https:\/\/www.lajarbelle.com\/index.php\/2019\/04\/01\/tour-de-france-2019-dans-les-hautes-alpes-embrun-valloir\/","og_locale":"fr_FR","og_type":"article","og_title":"Tour de France 2019 dans les Hautes-Alpes : Embrun =&gt; Valloir","og_description":"Le jeudi 24 juillet 2019, au d\u00e9part d\u2019Embrun, les grimpeurs auront une occasion d\u2019exprimer leurs capacit\u00e9s en haute montagne sur cette premi\u00e8re grande \u00e9tape alpestre.","og_url":"https:\/\/www.lajarbelle.com\/index.php\/2019\/04\/01\/tour-de-france-2019-dans-les-hautes-alpes-embrun-valloir\/","og_site_name":"La Jarbelle - G\u00eetes et Spa","article_publisher":"https:\/\/www.facebook.com\/gitelajarbelle","article_published_time":"2019-04-01T13:07:41+00:00","article_modified_time":"2019-04-01T13:22:53+00:00","og_image":[{"url":"https:\/\/www.gite-montagne.com\/wp-content\/uploads\/2019\/04\/tour-de-france.jpg","type":"","width":"","height":""}],"author":"La jarbelle","twitter_card":"summary_large_image","twitter_title":"Tour de France 2019 dans les Hautes-Alpes : Embrun => Valloir","twitter_creator":"@lajarbelle","twitter_site":"@lajarbelle","twitter_misc":{"\u00c9crit par":"La jarbelle"},"schema":{"@context":"https:\/\/schema.org","@graph":[{"@type":"Article","@id":"https:\/\/www.lajarbelle.com\/index.php\/2019\/04\/01\/tour-de-france-2019-dans-les-hautes-alpes-embrun-valloir\/#article","isPartOf":{"@id":"https:\/\/www.lajarbelle.com\/index.php\/2019\/04\/01\/tour-de-france-2019-dans-les-hautes-alpes-embrun-valloir\/"},"author":{"name":"La jarbelle","@id":"https:\/\/www.lajarbelle.com\/#\/schema\/person\/afa2d71425f6eacce0931f3031f7d80f"},"headline":"Tour de France 2019 dans les Hautes-Alpes : Embrun => Valloir","datePublished":"2019-04-01T13:07:41+00:00","dateModified":"2019-04-01T13:22:53+00:00","mainEntityOfPage":{"@id":"https:\/\/www.lajarbelle.com\/index.php\/2019\/04\/01\/tour-de-france-2019-dans-les-hautes-alpes-embrun-valloir\/"},"wordCount":81,"publisher":{"@id":"https:\/\/www.lajarbelle.com\/#organization"},"image":{"@id":"https:\/\/www.lajarbelle.com\/index.php\/2019\/04\/01\/tour-de-france-2019-dans-les-hautes-alpes-embrun-valloir\/#primaryimage"},"thumbnailUrl":"https:\/\/www.lajarbelle.com\/wp-content\/uploads\/2019\/04\/tour-de-france.jpg","articleSection":["Attractions","Sports \u00e9t\u00e9"],"inLanguage":"fr-FR"},{"@type":"WebPage","@id":"https:\/\/www.lajarbelle.com\/index.php\/2019\/04\/01\/tour-de-france-2019-dans-les-hautes-alpes-embrun-valloir\/","url":"https:\/\/www.lajarbelle.com\/index.php\/2019\/04\/01\/tour-de-france-2019-dans-les-hautes-alpes-embrun-valloir\/","name":"Tour de France 2019 dans les Hautes-Alpes : Embrun =&gt; Valloir","isPartOf":{"@id":"https:\/\/www.lajarbelle.com\/#website"},"primaryImageOfPage":{"@id":"https:\/\/www.lajarbelle.com\/index.php\/2019\/04\/01\/tour-de-france-2019-dans-les-hautes-alpes-embrun-valloir\/#primaryimage"},"image":{"@id":"https:\/\/www.lajarbelle.com\/index.php\/2019\/04\/01\/tour-de-france-2019-dans-les-hautes-alpes-embrun-valloir\/#primaryimage"},"thumbnailUrl":"https:\/\/www.lajarbelle.com\/wp-content\/uploads\/2019\/04\/tour-de-france.jpg","datePublished":"2019-04-01T13:07:41+00:00","dateModified":"2019-04-01T13:22:53+00:00","description":"Le jeudi 24 juillet 2019, au d\u00e9part d\u2019Embrun, les grimpeurs auront une occasion d\u2019exprimer leurs capacit\u00e9s en haute montagne sur cette premi\u00e8re grande \u00e9tape alpestre.","breadcrumb":{"@id":"https:\/\/www.lajarbelle.com\/index.php\/2019\/04\/01\/tour-de-france-2019-dans-les-hautes-alpes-embrun-valloir\/#breadcrumb"},"inLanguage":"fr-FR","potentialAction":[{"@type":"ReadAction","target":["https:\/\/www.lajarbelle.com\/index.php\/2019\/04\/01\/tour-de-france-2019-dans-les-hautes-alpes-embrun-valloir\/"]}]},{"@type":"ImageObject","inLanguage":"fr-FR","@id":"https:\/\/www.lajarbelle.com\/index.php\/2019\/04\/01\/tour-de-france-2019-dans-les-hautes-alpes-embrun-valloir\/#primaryimage","url":"https:\/\/www.lajarbelle.com\/wp-content\/uploads\/2019\/04\/tour-de-france.jpg","contentUrl":"https:\/\/www.lajarbelle.com\/wp-content\/uploads\/2019\/04\/tour-de-france.jpg","width":870,"height":489},{"@type":"BreadcrumbList","@id":"https:\/\/www.lajarbelle.com\/index.php\/2019\/04\/01\/tour-de-france-2019-dans-les-hautes-alpes-embrun-valloir\/#breadcrumb","itemListElement":[{"@type":"ListItem","position":1,"name":"Accueil","item":"https:\/\/www.lajarbelle.com\/"},{"@type":"ListItem","position":2,"name":"Tour de France 2019 dans les Hautes-Alpes : Embrun => Valloir"}]},{"@type":"WebSite","@id":"https:\/\/www.lajarbelle.com\/#website","url":"https:\/\/www.lajarbelle.com\/","name":"La Jarbelle - G\u00eetes et Spa","description":"Le bien-\u00eatre \u00e0 la montagne","publisher":{"@id":"https:\/\/www.lajarbelle.com\/#organization"},"potentialAction":[{"@type":"SearchAction","target":{"@type":"EntryPoint","urlTemplate":"https:\/\/www.lajarbelle.com\/?s={search_term_string}"},"query-input":{"@type":"PropertyValueSpecification","valueRequired":true,"valueName":"search_term_string"}}],"inLanguage":"fr-FR"},{"@type":"Organization","@id":"https:\/\/www.lajarbelle.com\/#organization","name":"SAS LA JARBELLE","url":"https:\/\/www.lajarbelle.com\/","logo":{"@type":"ImageObject","inLanguage":"fr-FR","@id":"https:\/\/www.lajarbelle.com\/#\/schema\/logo\/image\/","url":"https:\/\/www.lajarbelle.com\/wp-content\/uploads\/2020\/05\/icone_lajarbelle.png","contentUrl":"https:\/\/www.lajarbelle.com\/wp-content\/uploads\/2020\/05\/icone_lajarbelle.png","width":250,"height":250,"caption":"SAS LA JARBELLE"},"image":{"@id":"https:\/\/www.lajarbelle.com\/#\/schema\/logo\/image\/"},"sameAs":["https:\/\/www.facebook.com\/gitelajarbelle","https:\/\/x.com\/lajarbelle","https:\/\/instagram.com\/gite_lajarbelle","http:\/\/www.linkedin.com\/in\/guillaume-plisson-05200","https:\/\/www.pinterest.fr\/lajarbelle"]},{"@type":"Person","@id":"https:\/\/www.lajarbelle.com\/#\/schema\/person\/afa2d71425f6eacce0931f3031f7d80f","name":"La jarbelle","image":{"@type":"ImageObject","inLanguage":"fr-FR","@id":"https:\/\/secure.gravatar.com\/avatar\/3e736281943c32c619f314e14fd361dad3c4e800935c4fe65c9df7cd105cd96c?s=96&d=mm&r=g","url":"https:\/\/secure.gravatar.com\/avatar\/3e736281943c32c619f314e14fd361dad3c4e800935c4fe65c9df7cd105cd96c?s=96&d=mm&r=g","contentUrl":"https:\/\/secure.gravatar.com\/avatar\/3e736281943c32c619f314e14fd361dad3c4e800935c4fe65c9df7cd105cd96c?s=96&d=mm&r=g","caption":"La jarbelle"}}]}},"_links":{"self":[{"href":"https:\/\/www.lajarbelle.com\/index.php\/wp-json\/wp\/v2\/posts\/2224","targetHints":{"allow":["GET"]}}],"collection":[{"href":"https:\/\/www.lajarbelle.com\/index.php\/wp-json\/wp\/v2\/posts"}],"about":[{"href":"https:\/\/www.lajarbelle.com\/index.php\/wp-json\/wp\/v2\/types\/post"}],"author":[{"embeddable":true,"href":"https:\/\/www.lajarbelle.com\/index.php\/wp-json\/wp\/v2\/users\/1"}],"replies":[{"embeddable":true,"href":"https:\/\/www.lajarbelle.com\/index.php\/wp-json\/wp\/v2\/comments?post=2224"}],"version-history":[{"count":3,"href":"https:\/\/www.lajarbelle.com\/index.php\/wp-json\/wp\/v2\/posts\/2224\/revisions"}],"predecessor-version":[{"id":2230,"href":"https:\/\/www.lajarbelle.com\/index.php\/wp-json\/wp\/v2\/posts\/2224\/revisions\/2230"}],"wp:featuredmedia":[{"embeddable":true,"href":"https:\/\/www.lajarbelle.com\/index.php\/wp-json\/wp\/v2\/media\/2229"}],"wp:attachment":[{"href":"https:\/\/www.lajarbelle.com\/index.php\/wp-json\/wp\/v2\/media?parent=2224"}],"wp:term":[{"taxonomy":"category","embeddable":true,"href":"https:\/\/www.lajarbelle.com\/index.php\/wp-json\/wp\/v2\/categories?post=2224"},{"taxonomy":"post_tag","embeddable":true,"href":"https:\/\/www.lajarbelle.com\/index.php\/wp-json\/wp\/v2\/tags?post=2224"}],"curies":[{"name":"wp","href":"https:\/\/api.w.org\/{rel}","templated":true}]}}