{"id":2936,"date":"2019-05-26T21:53:28","date_gmt":"2019-05-26T19:53:28","guid":{"rendered":"https:\/\/www.lajarbelle.com\/?p=2936"},"modified":"2019-05-26T22:26:55","modified_gmt":"2019-05-26T20:26:55","slug":"le-label-famille-plus-renouvele-aux-orres-pour-une-duree-de-trois-ans","status":"publish","type":"post","link":"https:\/\/www.lajarbelle.com\/index.php\/2019\/05\/26\/le-label-famille-plus-renouvele-aux-orres-pour-une-duree-de-trois-ans\/","title":{"rendered":"Le label Famille Plus renouvel\u00e9 aux Orres pour une dur\u00e9e de trois ans"},"content":{"rendered":"\t\t<div data-elementor-type=\"wp-post\" data-elementor-id=\"2936\" class=\"elementor elementor-2936\" data-elementor-post-type=\"post\">\n\t\t\t\t\t\t<section class=\"elementor-section elementor-top-section elementor-element elementor-element-19cf79d elementor-section-boxed elementor-section-height-default elementor-section-height-default\" data-id=\"19cf79d\" data-element_type=\"section\" data-e-type=\"section\">\n\t\t\t\t\t\t<div class=\"elementor-container elementor-column-gap-default\">\n\t\t\t\t\t<div class=\"elementor-column elementor-col-100 elementor-top-column elementor-element elementor-element-a239e0a\" data-id=\"a239e0a\" data-element_type=\"column\" data-e-type=\"column\">\n\t\t\t<div class=\"elementor-widget-wrap elementor-element-populated\">\n\t\t\t\t\t\t<div class=\"elementor-element elementor-element-a303983 elementor-widget elementor-widget-text-editor\" data-id=\"a303983\" data-element_type=\"widget\" data-e-type=\"widget\" data-widget_type=\"text-editor.default\">\n\t\t\t\t<div class=\"elementor-widget-container\">\n\t\t\t\t\t\t\t\t\t<p><strong>Le label Famille Plus<\/strong>\u00a0renouvel\u00e9 aux\u00a0<strong>Orres<\/strong>\u00a0pour une dur\u00e9e de trois ans. Un label reconnu par le minist\u00e8re d\u00e9l\u00e9gu\u00e9 au Tourisme, que la station a obtenu pour la premi\u00e8re fois en 2006. Objectif\u00a0: \u00ab\u00a0<em>valoriser les communes adh\u00e9rentes ayant engag\u00e9 une d\u00e9marche globale en faveur de l\u2019accueil des familles\u00a0\u00bb<\/em>. Le\u00a0troph\u00e9e Famille Plus sera re\u00e7u par la station des Orres le 13 juin \u00e0 l\u2019occasion du S\u00e9minaire annuel Famille Plus montagne.<\/p>\t\t\t\t\t\t\t\t<\/div>\n\t\t\t\t<\/div>\n\t\t\t\t\t<\/div>\n\t\t<\/div>\n\t\t\t\t\t<\/div>\n\t\t<\/section>\n\t\t\t\t<\/div>\n\t\t","protected":false},"excerpt":{"rendered":"<p>Le label Famille Plus&nbsp;renouvel\u00e9 aux&nbsp;Orres&nbsp;pour une dur\u00e9e de trois ans. Un label reconnu par le minist\u00e8re d\u00e9l\u00e9gu\u00e9 au Tourisme, que la station a obtenu pour la premi\u00e8re fois en 2006. Objectif&nbsp;: \u00ab&nbsp;valoriser les communes adh\u00e9rentes ayant engag\u00e9 une d\u00e9marche globale en faveur de l\u2019accueil des familles&nbsp;\u00bb. Le&nbsp;troph\u00e9e Famille Plus sera re\u00e7u par la station des [&hellip;]<\/p>\n","protected":false},"author":1,"featured_media":2945,"comment_status":"closed","ping_status":"open","sticky":false,"template":"","format":"standard","meta":{"footnotes":""},"categories":[82,19],"tags":[],"class_list":["post-2936","post","type-post","status-publish","format-standard","has-post-thumbnail","hentry","category-info-generale","category-vacances"],"yoast_head":"<!-- This site is optimized with the Yoast SEO Premium plugin v25.6 (Yoast SEO v27.5) - https:\/\/yoast.com\/product\/yoast-seo-premium-wordpress\/ -->\n<title>Le label Famille Plus renouvel\u00e9 aux Orres pour une dur\u00e9e de trois ans<\/title>\n<meta name=\"description\" content=\"Objectif : \u00ab valoriser les communes adh\u00e9rentes ayant engag\u00e9 une d\u00e9marche globale en faveur de l\u2019accueil des familles \u00bb\" \/>\n<meta name=\"robots\" content=\"index, follow, max-snippet:-1, max-image-preview:large, max-video-preview:-1\" \/>\n<link rel=\"canonical\" href=\"https:\/\/www.lajarbelle.com\/index.php\/2019\/05\/26\/le-label-famille-plus-renouvele-aux-orres-pour-une-duree-de-trois-ans\/\" \/>\n<meta property=\"og:locale\" content=\"fr_FR\" \/>\n<meta property=\"og:type\" content=\"article\" \/>\n<meta property=\"og:title\" content=\"Le label Famille Plus renouvel\u00e9 aux Orres pour une dur\u00e9e de trois ans\" \/>\n<meta property=\"og:description\" content=\"Objectif : \u00ab valoriser les communes adh\u00e9rentes ayant engag\u00e9 une d\u00e9marche globale en faveur de l\u2019accueil des familles \u00bb\" \/>\n<meta property=\"og:url\" content=\"https:\/\/www.lajarbelle.com\/index.php\/2019\/05\/26\/le-label-famille-plus-renouvele-aux-orres-pour-une-duree-de-trois-ans\/\" \/>\n<meta property=\"og:site_name\" content=\"La Jarbelle - G\u00eetes et Spa\" \/>\n<meta property=\"article:publisher\" content=\"https:\/\/www.facebook.com\/gitelajarbelle\" \/>\n<meta property=\"article:published_time\" content=\"2019-05-26T19:53:28+00:00\" \/>\n<meta property=\"article:modified_time\" content=\"2019-05-26T20:26:55+00:00\" \/>\n<meta property=\"og:image\" content=\"https:\/\/www.lajarbelle.com\/wp-content\/uploads\/2019\/05\/logo_familleplus.png\" \/>\n<meta name=\"author\" content=\"La jarbelle\" \/>\n<meta name=\"twitter:card\" content=\"summary_large_image\" \/>\n<meta name=\"twitter:title\" content=\"Le label Famille Plus renouvel\u00e9 aux Orres pour une dur\u00e9e de trois ans\" \/>\n<meta name=\"twitter:creator\" content=\"@lajarbelle\" \/>\n<meta name=\"twitter:site\" content=\"@lajarbelle\" \/>\n<meta name=\"twitter:label1\" content=\"\u00c9crit par\" \/>\n\t<meta name=\"twitter:data1\" content=\"La jarbelle\" \/>\n<script type=\"application\/ld+json\" class=\"yoast-schema-graph\">{\"@context\":\"https:\\\/\\\/schema.org\",\"@graph\":[{\"@type\":\"Article\",\"@id\":\"https:\\\/\\\/www.lajarbelle.com\\\/index.php\\\/2019\\\/05\\\/26\\\/le-label-famille-plus-renouvele-aux-orres-pour-une-duree-de-trois-ans\\\/#article\",\"isPartOf\":{\"@id\":\"https:\\\/\\\/www.lajarbelle.com\\\/index.php\\\/2019\\\/05\\\/26\\\/le-label-famille-plus-renouvele-aux-orres-pour-une-duree-de-trois-ans\\\/\"},\"author\":{\"name\":\"La jarbelle\",\"@id\":\"https:\\\/\\\/www.lajarbelle.com\\\/#\\\/schema\\\/person\\\/afa2d71425f6eacce0931f3031f7d80f\"},\"headline\":\"Le label Famille Plus renouvel\u00e9 aux Orres pour une dur\u00e9e de trois ans\",\"datePublished\":\"2019-05-26T19:53:28+00:00\",\"dateModified\":\"2019-05-26T20:26:55+00:00\",\"mainEntityOfPage\":{\"@id\":\"https:\\\/\\\/www.lajarbelle.com\\\/index.php\\\/2019\\\/05\\\/26\\\/le-label-famille-plus-renouvele-aux-orres-pour-une-duree-de-trois-ans\\\/\"},\"wordCount\":101,\"publisher\":{\"@id\":\"https:\\\/\\\/www.lajarbelle.com\\\/#organization\"},\"image\":{\"@id\":\"https:\\\/\\\/www.lajarbelle.com\\\/index.php\\\/2019\\\/05\\\/26\\\/le-label-famille-plus-renouvele-aux-orres-pour-une-duree-de-trois-ans\\\/#primaryimage\"},\"thumbnailUrl\":\"https:\\\/\\\/www.lajarbelle.com\\\/wp-content\\\/uploads\\\/2019\\\/05\\\/logo_familleplus-1.png\",\"articleSection\":[\"information g\u00e9n\u00e9rale\",\"Vacances\"],\"inLanguage\":\"fr-FR\"},{\"@type\":\"WebPage\",\"@id\":\"https:\\\/\\\/www.lajarbelle.com\\\/index.php\\\/2019\\\/05\\\/26\\\/le-label-famille-plus-renouvele-aux-orres-pour-une-duree-de-trois-ans\\\/\",\"url\":\"https:\\\/\\\/www.lajarbelle.com\\\/index.php\\\/2019\\\/05\\\/26\\\/le-label-famille-plus-renouvele-aux-orres-pour-une-duree-de-trois-ans\\\/\",\"name\":\"Le label Famille Plus renouvel\u00e9 aux Orres pour une dur\u00e9e de trois ans\",\"isPartOf\":{\"@id\":\"https:\\\/\\\/www.lajarbelle.com\\\/#website\"},\"primaryImageOfPage\":{\"@id\":\"https:\\\/\\\/www.lajarbelle.com\\\/index.php\\\/2019\\\/05\\\/26\\\/le-label-famille-plus-renouvele-aux-orres-pour-une-duree-de-trois-ans\\\/#primaryimage\"},\"image\":{\"@id\":\"https:\\\/\\\/www.lajarbelle.com\\\/index.php\\\/2019\\\/05\\\/26\\\/le-label-famille-plus-renouvele-aux-orres-pour-une-duree-de-trois-ans\\\/#primaryimage\"},\"thumbnailUrl\":\"https:\\\/\\\/www.lajarbelle.com\\\/wp-content\\\/uploads\\\/2019\\\/05\\\/logo_familleplus-1.png\",\"datePublished\":\"2019-05-26T19:53:28+00:00\",\"dateModified\":\"2019-05-26T20:26:55+00:00\",\"description\":\"Objectif : \u00ab valoriser les communes adh\u00e9rentes ayant engag\u00e9 une d\u00e9marche globale en faveur de l\u2019accueil des familles \u00bb\",\"breadcrumb\":{\"@id\":\"https:\\\/\\\/www.lajarbelle.com\\\/index.php\\\/2019\\\/05\\\/26\\\/le-label-famille-plus-renouvele-aux-orres-pour-une-duree-de-trois-ans\\\/#breadcrumb\"},\"inLanguage\":\"fr-FR\",\"potentialAction\":[{\"@type\":\"ReadAction\",\"target\":[\"https:\\\/\\\/www.lajarbelle.com\\\/index.php\\\/2019\\\/05\\\/26\\\/le-label-famille-plus-renouvele-aux-orres-pour-une-duree-de-trois-ans\\\/\"]}]},{\"@type\":\"ImageObject\",\"inLanguage\":\"fr-FR\",\"@id\":\"https:\\\/\\\/www.lajarbelle.com\\\/index.php\\\/2019\\\/05\\\/26\\\/le-label-famille-plus-renouvele-aux-orres-pour-une-duree-de-trois-ans\\\/#primaryimage\",\"url\":\"https:\\\/\\\/www.lajarbelle.com\\\/wp-content\\\/uploads\\\/2019\\\/05\\\/logo_familleplus-1.png\",\"contentUrl\":\"https:\\\/\\\/www.lajarbelle.com\\\/wp-content\\\/uploads\\\/2019\\\/05\\\/logo_familleplus-1.png\",\"width\":750,\"height\":380},{\"@type\":\"BreadcrumbList\",\"@id\":\"https:\\\/\\\/www.lajarbelle.com\\\/index.php\\\/2019\\\/05\\\/26\\\/le-label-famille-plus-renouvele-aux-orres-pour-une-duree-de-trois-ans\\\/#breadcrumb\",\"itemListElement\":[{\"@type\":\"ListItem\",\"position\":1,\"name\":\"Accueil\",\"item\":\"https:\\\/\\\/www.lajarbelle.com\\\/\"},{\"@type\":\"ListItem\",\"position\":2,\"name\":\"Le label Famille Plus renouvel\u00e9 aux Orres pour une dur\u00e9e de trois ans\"}]},{\"@type\":\"WebSite\",\"@id\":\"https:\\\/\\\/www.lajarbelle.com\\\/#website\",\"url\":\"https:\\\/\\\/www.lajarbelle.com\\\/\",\"name\":\"La Jarbelle - G\u00eetes et Spa\",\"description\":\"Le bien-\u00eatre \u00e0 la montagne\",\"publisher\":{\"@id\":\"https:\\\/\\\/www.lajarbelle.com\\\/#organization\"},\"potentialAction\":[{\"@type\":\"SearchAction\",\"target\":{\"@type\":\"EntryPoint\",\"urlTemplate\":\"https:\\\/\\\/www.lajarbelle.com\\\/?s={search_term_string}\"},\"query-input\":{\"@type\":\"PropertyValueSpecification\",\"valueRequired\":true,\"valueName\":\"search_term_string\"}}],\"inLanguage\":\"fr-FR\"},{\"@type\":\"Organization\",\"@id\":\"https:\\\/\\\/www.lajarbelle.com\\\/#organization\",\"name\":\"SAS LA JARBELLE\",\"url\":\"https:\\\/\\\/www.lajarbelle.com\\\/\",\"logo\":{\"@type\":\"ImageObject\",\"inLanguage\":\"fr-FR\",\"@id\":\"https:\\\/\\\/www.lajarbelle.com\\\/#\\\/schema\\\/logo\\\/image\\\/\",\"url\":\"https:\\\/\\\/www.lajarbelle.com\\\/wp-content\\\/uploads\\\/2020\\\/05\\\/icone_lajarbelle.png\",\"contentUrl\":\"https:\\\/\\\/www.lajarbelle.com\\\/wp-content\\\/uploads\\\/2020\\\/05\\\/icone_lajarbelle.png\",\"width\":250,\"height\":250,\"caption\":\"SAS LA JARBELLE\"},\"image\":{\"@id\":\"https:\\\/\\\/www.lajarbelle.com\\\/#\\\/schema\\\/logo\\\/image\\\/\"},\"sameAs\":[\"https:\\\/\\\/www.facebook.com\\\/gitelajarbelle\",\"https:\\\/\\\/x.com\\\/lajarbelle\",\"https:\\\/\\\/instagram.com\\\/gite_lajarbelle\",\"http:\\\/\\\/www.linkedin.com\\\/in\\\/guillaume-plisson-05200\",\"https:\\\/\\\/www.pinterest.fr\\\/lajarbelle\"]},{\"@type\":\"Person\",\"@id\":\"https:\\\/\\\/www.lajarbelle.com\\\/#\\\/schema\\\/person\\\/afa2d71425f6eacce0931f3031f7d80f\",\"name\":\"La jarbelle\",\"image\":{\"@type\":\"ImageObject\",\"inLanguage\":\"fr-FR\",\"@id\":\"https:\\\/\\\/secure.gravatar.com\\\/avatar\\\/3e736281943c32c619f314e14fd361dad3c4e800935c4fe65c9df7cd105cd96c?s=96&d=mm&r=g\",\"url\":\"https:\\\/\\\/secure.gravatar.com\\\/avatar\\\/3e736281943c32c619f314e14fd361dad3c4e800935c4fe65c9df7cd105cd96c?s=96&d=mm&r=g\",\"contentUrl\":\"https:\\\/\\\/secure.gravatar.com\\\/avatar\\\/3e736281943c32c619f314e14fd361dad3c4e800935c4fe65c9df7cd105cd96c?s=96&d=mm&r=g\",\"caption\":\"La jarbelle\"}}]}<\/script>\n<!-- \/ Yoast SEO Premium plugin. -->","yoast_head_json":{"title":"Le label Famille Plus renouvel\u00e9 aux Orres pour une dur\u00e9e de trois ans","description":"Objectif : \u00ab valoriser les communes adh\u00e9rentes ayant engag\u00e9 une d\u00e9marche globale en faveur de l\u2019accueil des familles \u00bb","robots":{"index":"index","follow":"follow","max-snippet":"max-snippet:-1","max-image-preview":"max-image-preview:large","max-video-preview":"max-video-preview:-1"},"canonical":"https:\/\/www.lajarbelle.com\/index.php\/2019\/05\/26\/le-label-famille-plus-renouvele-aux-orres-pour-une-duree-de-trois-ans\/","og_locale":"fr_FR","og_type":"article","og_title":"Le label Famille Plus renouvel\u00e9 aux Orres pour une dur\u00e9e de trois ans","og_description":"Objectif : \u00ab valoriser les communes adh\u00e9rentes ayant engag\u00e9 une d\u00e9marche globale en faveur de l\u2019accueil des familles \u00bb","og_url":"https:\/\/www.lajarbelle.com\/index.php\/2019\/05\/26\/le-label-famille-plus-renouvele-aux-orres-pour-une-duree-de-trois-ans\/","og_site_name":"La Jarbelle - G\u00eetes et Spa","article_publisher":"https:\/\/www.facebook.com\/gitelajarbelle","article_published_time":"2019-05-26T19:53:28+00:00","article_modified_time":"2019-05-26T20:26:55+00:00","og_image":[{"url":"https:\/\/www.lajarbelle.com\/wp-content\/uploads\/2019\/05\/logo_familleplus.png","type":"","width":"","height":""}],"author":"La jarbelle","twitter_card":"summary_large_image","twitter_title":"Le label Famille Plus renouvel\u00e9 aux Orres pour une dur\u00e9e de trois ans","twitter_creator":"@lajarbelle","twitter_site":"@lajarbelle","twitter_misc":{"\u00c9crit par":"La jarbelle"},"schema":{"@context":"https:\/\/schema.org","@graph":[{"@type":"Article","@id":"https:\/\/www.lajarbelle.com\/index.php\/2019\/05\/26\/le-label-famille-plus-renouvele-aux-orres-pour-une-duree-de-trois-ans\/#article","isPartOf":{"@id":"https:\/\/www.lajarbelle.com\/index.php\/2019\/05\/26\/le-label-famille-plus-renouvele-aux-orres-pour-une-duree-de-trois-ans\/"},"author":{"name":"La jarbelle","@id":"https:\/\/www.lajarbelle.com\/#\/schema\/person\/afa2d71425f6eacce0931f3031f7d80f"},"headline":"Le label Famille Plus renouvel\u00e9 aux Orres pour une dur\u00e9e de trois ans","datePublished":"2019-05-26T19:53:28+00:00","dateModified":"2019-05-26T20:26:55+00:00","mainEntityOfPage":{"@id":"https:\/\/www.lajarbelle.com\/index.php\/2019\/05\/26\/le-label-famille-plus-renouvele-aux-orres-pour-une-duree-de-trois-ans\/"},"wordCount":101,"publisher":{"@id":"https:\/\/www.lajarbelle.com\/#organization"},"image":{"@id":"https:\/\/www.lajarbelle.com\/index.php\/2019\/05\/26\/le-label-famille-plus-renouvele-aux-orres-pour-une-duree-de-trois-ans\/#primaryimage"},"thumbnailUrl":"https:\/\/www.lajarbelle.com\/wp-content\/uploads\/2019\/05\/logo_familleplus-1.png","articleSection":["information g\u00e9n\u00e9rale","Vacances"],"inLanguage":"fr-FR"},{"@type":"WebPage","@id":"https:\/\/www.lajarbelle.com\/index.php\/2019\/05\/26\/le-label-famille-plus-renouvele-aux-orres-pour-une-duree-de-trois-ans\/","url":"https:\/\/www.lajarbelle.com\/index.php\/2019\/05\/26\/le-label-famille-plus-renouvele-aux-orres-pour-une-duree-de-trois-ans\/","name":"Le label Famille Plus renouvel\u00e9 aux Orres pour une dur\u00e9e de trois ans","isPartOf":{"@id":"https:\/\/www.lajarbelle.com\/#website"},"primaryImageOfPage":{"@id":"https:\/\/www.lajarbelle.com\/index.php\/2019\/05\/26\/le-label-famille-plus-renouvele-aux-orres-pour-une-duree-de-trois-ans\/#primaryimage"},"image":{"@id":"https:\/\/www.lajarbelle.com\/index.php\/2019\/05\/26\/le-label-famille-plus-renouvele-aux-orres-pour-une-duree-de-trois-ans\/#primaryimage"},"thumbnailUrl":"https:\/\/www.lajarbelle.com\/wp-content\/uploads\/2019\/05\/logo_familleplus-1.png","datePublished":"2019-05-26T19:53:28+00:00","dateModified":"2019-05-26T20:26:55+00:00","description":"Objectif : \u00ab valoriser les communes adh\u00e9rentes ayant engag\u00e9 une d\u00e9marche globale en faveur de l\u2019accueil des familles \u00bb","breadcrumb":{"@id":"https:\/\/www.lajarbelle.com\/index.php\/2019\/05\/26\/le-label-famille-plus-renouvele-aux-orres-pour-une-duree-de-trois-ans\/#breadcrumb"},"inLanguage":"fr-FR","potentialAction":[{"@type":"ReadAction","target":["https:\/\/www.lajarbelle.com\/index.php\/2019\/05\/26\/le-label-famille-plus-renouvele-aux-orres-pour-une-duree-de-trois-ans\/"]}]},{"@type":"ImageObject","inLanguage":"fr-FR","@id":"https:\/\/www.lajarbelle.com\/index.php\/2019\/05\/26\/le-label-famille-plus-renouvele-aux-orres-pour-une-duree-de-trois-ans\/#primaryimage","url":"https:\/\/www.lajarbelle.com\/wp-content\/uploads\/2019\/05\/logo_familleplus-1.png","contentUrl":"https:\/\/www.lajarbelle.com\/wp-content\/uploads\/2019\/05\/logo_familleplus-1.png","width":750,"height":380},{"@type":"BreadcrumbList","@id":"https:\/\/www.lajarbelle.com\/index.php\/2019\/05\/26\/le-label-famille-plus-renouvele-aux-orres-pour-une-duree-de-trois-ans\/#breadcrumb","itemListElement":[{"@type":"ListItem","position":1,"name":"Accueil","item":"https:\/\/www.lajarbelle.com\/"},{"@type":"ListItem","position":2,"name":"Le label Famille Plus renouvel\u00e9 aux Orres pour une dur\u00e9e de trois ans"}]},{"@type":"WebSite","@id":"https:\/\/www.lajarbelle.com\/#website","url":"https:\/\/www.lajarbelle.com\/","name":"La Jarbelle - G\u00eetes et Spa","description":"Le bien-\u00eatre \u00e0 la montagne","publisher":{"@id":"https:\/\/www.lajarbelle.com\/#organization"},"potentialAction":[{"@type":"SearchAction","target":{"@type":"EntryPoint","urlTemplate":"https:\/\/www.lajarbelle.com\/?s={search_term_string}"},"query-input":{"@type":"PropertyValueSpecification","valueRequired":true,"valueName":"search_term_string"}}],"inLanguage":"fr-FR"},{"@type":"Organization","@id":"https:\/\/www.lajarbelle.com\/#organization","name":"SAS LA JARBELLE","url":"https:\/\/www.lajarbelle.com\/","logo":{"@type":"ImageObject","inLanguage":"fr-FR","@id":"https:\/\/www.lajarbelle.com\/#\/schema\/logo\/image\/","url":"https:\/\/www.lajarbelle.com\/wp-content\/uploads\/2020\/05\/icone_lajarbelle.png","contentUrl":"https:\/\/www.lajarbelle.com\/wp-content\/uploads\/2020\/05\/icone_lajarbelle.png","width":250,"height":250,"caption":"SAS LA JARBELLE"},"image":{"@id":"https:\/\/www.lajarbelle.com\/#\/schema\/logo\/image\/"},"sameAs":["https:\/\/www.facebook.com\/gitelajarbelle","https:\/\/x.com\/lajarbelle","https:\/\/instagram.com\/gite_lajarbelle","http:\/\/www.linkedin.com\/in\/guillaume-plisson-05200","https:\/\/www.pinterest.fr\/lajarbelle"]},{"@type":"Person","@id":"https:\/\/www.lajarbelle.com\/#\/schema\/person\/afa2d71425f6eacce0931f3031f7d80f","name":"La jarbelle","image":{"@type":"ImageObject","inLanguage":"fr-FR","@id":"https:\/\/secure.gravatar.com\/avatar\/3e736281943c32c619f314e14fd361dad3c4e800935c4fe65c9df7cd105cd96c?s=96&d=mm&r=g","url":"https:\/\/secure.gravatar.com\/avatar\/3e736281943c32c619f314e14fd361dad3c4e800935c4fe65c9df7cd105cd96c?s=96&d=mm&r=g","contentUrl":"https:\/\/secure.gravatar.com\/avatar\/3e736281943c32c619f314e14fd361dad3c4e800935c4fe65c9df7cd105cd96c?s=96&d=mm&r=g","caption":"La jarbelle"}}]}},"_links":{"self":[{"href":"https:\/\/www.lajarbelle.com\/index.php\/wp-json\/wp\/v2\/posts\/2936","targetHints":{"allow":["GET"]}}],"collection":[{"href":"https:\/\/www.lajarbelle.com\/index.php\/wp-json\/wp\/v2\/posts"}],"about":[{"href":"https:\/\/www.lajarbelle.com\/index.php\/wp-json\/wp\/v2\/types\/post"}],"author":[{"embeddable":true,"href":"https:\/\/www.lajarbelle.com\/index.php\/wp-json\/wp\/v2\/users\/1"}],"replies":[{"embeddable":true,"href":"https:\/\/www.lajarbelle.com\/index.php\/wp-json\/wp\/v2\/comments?post=2936"}],"version-history":[{"count":7,"href":"https:\/\/www.lajarbelle.com\/index.php\/wp-json\/wp\/v2\/posts\/2936\/revisions"}],"predecessor-version":[{"id":2947,"href":"https:\/\/www.lajarbelle.com\/index.php\/wp-json\/wp\/v2\/posts\/2936\/revisions\/2947"}],"wp:featuredmedia":[{"embeddable":true,"href":"https:\/\/www.lajarbelle.com\/index.php\/wp-json\/wp\/v2\/media\/2945"}],"wp:attachment":[{"href":"https:\/\/www.lajarbelle.com\/index.php\/wp-json\/wp\/v2\/media?parent=2936"}],"wp:term":[{"taxonomy":"category","embeddable":true,"href":"https:\/\/www.lajarbelle.com\/index.php\/wp-json\/wp\/v2\/categories?post=2936"},{"taxonomy":"post_tag","embeddable":true,"href":"https:\/\/www.lajarbelle.com\/index.php\/wp-json\/wp\/v2\/tags?post=2936"}],"curies":[{"name":"wp","href":"https:\/\/api.w.org\/{rel}","templated":true}]}}