{"id":3043,"date":"2019-07-14T16:36:39","date_gmt":"2019-07-14T14:36:39","guid":{"rendered":"https:\/\/www.lajarbelle.com\/?p=3043"},"modified":"2019-07-14T16:37:44","modified_gmt":"2019-07-14T14:37:44","slug":"festival-detox-et-bien-etre-en-montagne","status":"publish","type":"post","link":"https:\/\/www.lajarbelle.com\/index.php\/2019\/07\/14\/festival-detox-et-bien-etre-en-montagne\/","title":{"rendered":"Festival d\u00e9tox et bien-\u00eatre en montagne"},"content":{"rendered":"\t\t<div data-elementor-type=\"wp-post\" data-elementor-id=\"3043\" class=\"elementor elementor-3043\" data-elementor-post-type=\"post\">\n\t\t\t\t\t\t<section class=\"elementor-section elementor-top-section elementor-element elementor-element-25965d1e elementor-section-boxed elementor-section-height-default elementor-section-height-default\" data-id=\"25965d1e\" data-element_type=\"section\" data-e-type=\"section\">\n\t\t\t\t\t\t<div class=\"elementor-container elementor-column-gap-default\">\n\t\t\t\t\t<div class=\"elementor-column elementor-col-100 elementor-top-column elementor-element elementor-element-79fc2ba9\" data-id=\"79fc2ba9\" data-element_type=\"column\" data-e-type=\"column\">\n\t\t\t<div class=\"elementor-widget-wrap elementor-element-populated\">\n\t\t\t\t\t\t<div class=\"elementor-element elementor-element-41a66fe0 elementor-widget elementor-widget-text-editor\" data-id=\"41a66fe0\" data-element_type=\"widget\" data-e-type=\"widget\" data-widget_type=\"text-editor.default\">\n\t\t\t\t<div class=\"elementor-widget-container\">\n\t\t\t\t\t\t\t\t\t\n<blockquote>\n<p style=\"text-align: justify;\">Du 23 au 25 juillet, Les Orres vous proposent 3 jours en montagne pour respirer, se d\u00e9passer, partager avec du yoga, balade \u00e9questre, stretching, ateliers cuisine et cosm\u00e9tiques, zumba, r\u00e9veil musculaire, massages\u2026<\/p>\n<\/blockquote>\n\n<h2 class=\"wp-block-heading\" style=\"text-align: justify;\">\u00a0MARDI 23 JUILLET<\/h2>\n\n<p style=\"text-align: justify;\">&gt; 9H :\u00a0<strong>R\u00c9VEIL MUSCULAIRE<\/strong><\/p>\n\n<p style=\"text-align: justify;\">L\u00e9a vous attend sur le Front de neige 1800<br \/><br \/><br \/>&gt; 9H30 :\u00a0<strong>INITIATION \u00c0 LA MARCHE NORDIQUE<\/strong><\/p>\n\n<p style=\"text-align: justify;\">R\u00e9servation obligatoire par sms au 06 10 85 84 90<br \/>RDV devant office de tourisme 1650<br \/>\u00a0<\/p>\n\n<p style=\"text-align: justify;\">&gt; 9H30 \u00e0 12H :\u00a0<strong>RANDO BIEN-\u00caTRE \u00ab L\u2019HYPNO-RANDO \u00bb<\/strong><\/p>\n\n<p style=\"text-align: justify;\">Induction hypnotique par la marche consciente suivie d&rsquo;un atelier d&rsquo;auto-hypnose en plein air sur le th\u00e8me du bien-\u00eatre. D\u00e9couvrez une technique innovante de pr\u00e9sence \u00e0 l&rsquo;environnement permettant d&rsquo;acc\u00e9der \u00e0 l&rsquo;inconscient et ses incroyables possibilit\u00e9s au cours d&rsquo;une randonn\u00e9e guid\u00e9e par une accompagnatrice hypnologue.<br \/>RDV devant le point accueil Les Orres 1800<br \/>\u00a0<\/p>\n\n<figure class=\"wp-block-image\" style=\"text-align: justify;\"><img decoding=\"async\" src=\"https:\/\/www.lesorres.com\/sites\/lesorres.com\/files\/styles\/medium\/public\/page\/3832\/ateliercuisinefestibienetre.jpeg?itok=PxyKiGFK\" alt=\"\" \/><\/figure>\n\n<p style=\"text-align: justify;\">&gt; 16H :\u00a0<strong>ATELIER CUISINE \u00ab Les barres \u00e9nerg\u00e9tiques \u00bb<\/strong><br \/><br \/>Mangeons sain et gourmand !<br \/>Assistez \u00e0 la cr\u00e9ation de barres \u00e9nerg\u00e9tiques. Nutritionnelle, bio, vegan et sans gluten.<br \/>D\u00e9gustez, et refaite \u00e0 la maison ! Parfait lors d\u2019efforts sportifs ou pour un encas sain et gourmand.<br \/>RDV \u00e0 l&rsquo;Espace rencontre et culture<br \/>\u00a0<\/p>\n\n<p style=\"text-align: justify;\">&gt; 17H30 :\u00a0<strong>YOGA \u201cHatha Yoga\u201d<\/strong><br \/><br \/>Etirements doux et mouvements lents \u2013 conscience du souffle (adapt\u00e9 aux s\u00e9niors)<br \/>RDV \u00e0 l&rsquo;Espace rencontre et culture<\/p>\n\n<figure class=\"wp-block-image\" style=\"text-align: justify;\"><img decoding=\"async\" src=\"https:\/\/www.lesorres.com\/sites\/lesorres.com\/files\/styles\/medium\/public\/page\/3832\/lesorrestrail2018cles-orres3.jpg?itok=0roJ0qWE\" alt=\"\" \/><\/figure>\n\n<p style=\"text-align: justify;\"><br \/>&gt; 17H30 :\u00a0<strong>R\u00c9ALISATION DE COSM\u00c9TIQUES BIO<\/strong><\/p>\n\n<p style=\"text-align: justify;\">Tarif 30 \u20ac. R\u00e9servation avant le lundi 22 juillet 18h au 06 86 69 35 92<br \/>RDV au Centre \u00e9questre Kiowah<br \/>\u00a0<\/p>\n\n<p style=\"text-align: justify;\">&gt; 18H :\u00a0<strong>D\u00c9COUVERTE SENTIER TRAIL<\/strong><\/p>\n\n<p style=\"text-align: justify;\">RDV devant office de tourisme 1650<\/p>\n\n<h2 class=\"wp-block-heading\" style=\"text-align: justify;\">\u00a0MERCREDI 24 JUILLET<\/h2>\n\n<p style=\"text-align: justify;\">&gt; 9H :\u00a0<strong>SORTIE TRAIL (tous chemins)<\/strong><\/p>\n\n<p style=\"text-align: justify;\">A la d\u00e9couverte des parcours de trail<br \/>RDV devant le magasin Tintin Photo (1650)<br \/>\u00a0<\/p>\n\n<p style=\"text-align: justify;\">&gt; 9H :\u00a0<strong>STRETCHING<\/strong><\/p>\n\n<p style=\"text-align: justify;\">L\u00e9a vous attend sur le Front de neige 1650<\/p>\n\n<p style=\"text-align: justify;\"><br \/>&gt; 10H \u00e0 12H :<strong>\u00a0BALADE A CHEVAL<\/strong><\/p>\n\n<p style=\"text-align: justify;\">avec cueillette de plantes, tisane, champignons.<br \/>Tarif 35 \u20ac. R\u00e9servation avant le lundi 22 juillet 18h au 06 86 69 35 92.<br \/>RDV au Centre \u00e9questre Kiowah<\/p>\n\n<figure class=\"wp-block-image\" style=\"text-align: justify;\"><img decoding=\"async\" src=\"https:\/\/www.lesorres.com\/sites\/lesorres.com\/files\/styles\/medium\/public\/page\/3832\/logotaptapcouleur.jpg?itok=jKTRFZwL\" alt=\"\" \/><\/figure>\n\n<p style=\"text-align: justify;\"><br \/>&gt; 14H :\u00a0<strong>Activit\u00e9 sportive, ludique et bien-\u00eatre: TAP TAP<\/strong><br \/><br \/>TapTap pour Tous ! Prenez du plaisir tout en prenant soin de vous.<br \/>Bougez, Tapez et \u00e9clatez-vous.<br \/>Le\u00a0<strong>\u00ab TAPTAP<\/strong>\u00a0\u00bb est issu de deux sports :\u00a0<strong>Le P\u00e9t\u00e9ca br\u00e9silien et le Jianzi chinois.\u00a0<\/strong>C\u2019est un objet de loisir tr\u00e8s populaire en Asie qui consiste \u00e0 garder en l&rsquo;air un volant en s\u2019aidant des pieds, bras, genoux, t\u00eate\u2026bref de toutes parties du corps.<br \/>S\u2019\u00e9clater et bouger avec TAPTAP c\u2019est aussi permettre :<br \/>&#8211; L\u2019\u00e9veil moteur des enfants, proprioception, \u00e9quilibre, coordination, r\u00e9flexes\u2026<br \/>&#8211; L\u2019entretien physique des adultes, cardio, souplesse, coordination\u2026<br \/>&#8211; L\u2019entretien musculaire des seniors, acuit\u00e9 visuel, \u00e9quilibre, agilit\u00e9\u2026<br \/>RDV sur le front de neige 1650<\/p>\n\n<p style=\"text-align: justify;\"><br \/>&gt; 16H :\u00a0<strong>ATELIER CUISINE \u00ab Boissons vitalisantes\u00bb<\/strong><br \/><br \/>Mangeons sain et gourmand !<br \/>Smoothies, jus d\u00e9tox, k\u00e9fir, comment dynamiser son eau. Apprendre \u00e0 se r\u00e9g\u00e9n\u00e9rer avec des boissons qui \u00e9nergisent !<br \/>RDV \u00e0 l&rsquo;Espace rencontre et culture<\/p>\n\n<p style=\"text-align: justify;\"><br \/>&gt; 17H \u00e0 20H :\u00a0<strong>MASSAGES<\/strong><br \/><br \/>\u00ab\u00a0Au fil de longues heures de formation, j&rsquo;ai d\u00e9velopp\u00e9 et travaill\u00e9 ma propre technique. Chaque corps est unique, chacun de mes massages l&rsquo;est aussi. Mon massage n&rsquo;est pas lin\u00e9aire, il s&rsquo;adapte \u00e0 votre corps et \u00e0 ce qu&rsquo;il me dit. J&rsquo;utilise librement diff\u00e9rentes techniques afin de personnaliser compl\u00e8tement votre moment\u00a0\u00bb<br \/>RDV \u00e0 l&rsquo;Espace rencontre et culture<\/p>\n\n<p style=\"text-align: justify;\"><br \/>&gt; 18H :\u00a0<strong>ZUMBA FAMILIALE \/ DYNAMIQUE<\/strong><br \/><br \/>RDV Place Emile Hodoul 1650<\/p>\n\n<h2 class=\"wp-block-heading\" style=\"text-align: justify;\">\u00a0JEUDI 25 JUILLET<\/h2>\n\n<p style=\"text-align: justify;\">&gt; 9H :\u00a0<strong>FIT OUT<\/strong><\/p>\n\n<p style=\"text-align: justify;\">L\u00e9a vous attend sur le Front de neige 1800<\/p>\n\n<p style=\"text-align: justify;\"><br \/>&gt; 9H30 \u00e0 12H :\u00a0<strong>RANDO BIEN-\u00caTRE \u00ab \u00c9VEIL DES SENS \u00bb<\/strong><br \/><br \/>Les cinq sens \u00e0 l&rsquo;honneur pour cette randonn\u00e9e au cours de laquelle nous r\u00e9aliserons une s\u00e9ance de relaxation en plein air.<br \/>RDV devant l&rsquo;Office de Tourisme 1650<\/p>\n\n<p style=\"text-align: justify;\"><br \/>&gt; 14H30 :\u00a0<strong>TOURNOIS SPORTIFS (foot, basket\u2026.)<\/strong><br \/><br \/>RDV terrain multisports\u00a0 (situ\u00e9 en contrebas de la piscine)<\/p>\n\n<p style=\"text-align: justify;\"><br \/>&gt; 16H :\u00a0<strong>ATELIER CUISINE \u00a0\u00bb Le fauxmage \u00ab\u00a0<\/strong><br \/><br \/>Mangeons sain et gourmand !<br \/>D\u00e9couvrez le fromage v\u00e9g\u00e9talien. Un fauxmage \u00e9labor\u00e9 sans aucun produit laitier, confectionn\u00e9 \u00e0 partir de lait v\u00e9g\u00e9tal ou d\u2019ol\u00e9agineux.<br \/>RDV \u00e0 l&rsquo;Espace rencontre et culture<\/p>\n\n<figure class=\"wp-block-image\" style=\"text-align: justify;\"><a href=\"https:\/\/www.moncoursdeyoga.com\/\" target=\"_blank\" rel=\"noreferrer noopener\"><img decoding=\"async\" src=\"https:\/\/www.lesorres.com\/sites\/lesorres.com\/files\/styles\/medium\/public\/page\/3832\/yogafestibienetre.jpeg?itok=9h8INAFx\" alt=\"\" \/><\/a><\/figure>\n\n<p style=\"text-align: justify;\"><br \/>&gt; 17H30 :\u00a0<strong>S\u00e9ance de YOGA VINIYASA<\/strong><br \/><br \/>Yoga fluide et dynamique. Renforcement musculaire, gainage\u2026 Pratique \u00e9nergisante<br \/>RDV \u00e0 l&rsquo;Espace rencontre et culture<\/p>\n\n<p style=\"text-align: justify;\"><br \/>&gt; 18H45 :\u00a0<strong>S\u00e9ance de M\u00c9DITATION<\/strong><\/p>\n\n<p style=\"text-align: justify;\">en pleine conscience &#8211; relaxation<br \/>RDV \u00e0 l&rsquo;Espace rencontre et culture<\/p>\n\t\t\t\t\t\t\t\t<\/div>\n\t\t\t\t<\/div>\n\t\t\t\t\t<\/div>\n\t\t<\/div>\n\t\t\t\t\t<\/div>\n\t\t<\/section>\n\t\t\t\t<\/div>\n\t\t","protected":false},"excerpt":{"rendered":"<p>Du 23 au 25 juillet, Les Orres vous proposent 3 jours en montagne pour respirer, se d\u00e9passer, partager avec du yoga, balade \u00e9questre, stretching, ateliers cuisine et cosm\u00e9tiques, zumba, r\u00e9veil musculaire, massages\u2026 \u00a0MARDI 23 JUILLET &gt; 9H :\u00a0R\u00c9VEIL MUSCULAIRE L\u00e9a vous attend sur le Front de neige 1800 &gt; 9H30 :\u00a0INITIATION \u00c0 LA MARCHE NORDIQUE [&hellip;]<\/p>\n","protected":false},"author":1,"featured_media":3044,"comment_status":"closed","ping_status":"open","sticky":false,"template":"","format":"standard","meta":{"footnotes":""},"categories":[81,77,82,19],"tags":[],"class_list":["post-3043","post","type-post","status-publish","format-standard","has-post-thumbnail","hentry","category-culture-divertissements","category-espace-detente","category-info-generale","category-vacances"],"yoast_head":"<!-- This site is optimized with the Yoast SEO Premium plugin v25.6 (Yoast SEO v27.5) - https:\/\/yoast.com\/product\/yoast-seo-premium-wordpress\/ -->\n<title>Festival d\u00e9tox et bien-\u00eatre en montagne<\/title>\n<meta name=\"description\" content=\"Du 23 au 25 juillet, Les Orres vous proposent 3 jours en montagne pour respirer, se d\u00e9passer, partager avec du yoga, balade \u00e9questre, stretching, ateliers cuisine et cosm\u00e9tiques, zumba, r\u00e9veil musculaire, massages...\" \/>\n<meta name=\"robots\" content=\"index, follow, max-snippet:-1, max-image-preview:large, max-video-preview:-1\" \/>\n<link rel=\"canonical\" href=\"https:\/\/www.lajarbelle.com\/index.php\/2019\/07\/14\/festival-detox-et-bien-etre-en-montagne\/\" \/>\n<meta property=\"og:locale\" content=\"fr_FR\" \/>\n<meta property=\"og:type\" content=\"article\" \/>\n<meta property=\"og:title\" content=\"Festival d\u00e9tox et bien-\u00eatre en montagne\" \/>\n<meta property=\"og:description\" content=\"Du 23 au 25 juillet, Les Orres vous proposent 3 jours en montagne pour respirer, se d\u00e9passer, partager avec du yoga, balade \u00e9questre, stretching, ateliers cuisine et cosm\u00e9tiques, zumba, r\u00e9veil musculaire, massages...\" \/>\n<meta property=\"og:url\" content=\"https:\/\/www.lajarbelle.com\/index.php\/2019\/07\/14\/festival-detox-et-bien-etre-en-montagne\/\" \/>\n<meta property=\"og:site_name\" content=\"La Jarbelle - G\u00eetes et Spa\" \/>\n<meta property=\"article:publisher\" content=\"https:\/\/www.facebook.com\/gitelajarbelle\" \/>\n<meta property=\"article:published_time\" content=\"2019-07-14T14:36:39+00:00\" \/>\n<meta property=\"article:modified_time\" content=\"2019-07-14T14:37:44+00:00\" \/>\n<meta property=\"og:image\" content=\"https:\/\/www.lajarbelle.com\/wp-content\/uploads\/2019\/07\/festival-detox-1140x400.png\" \/>\n<meta name=\"author\" content=\"La jarbelle\" \/>\n<meta name=\"twitter:card\" content=\"summary_large_image\" \/>\n<meta name=\"twitter:title\" content=\"Festival d\u00e9tox et bien-\u00eatre en montagne\" \/>\n<meta name=\"twitter:creator\" content=\"@lajarbelle\" \/>\n<meta name=\"twitter:site\" content=\"@lajarbelle\" \/>\n<meta name=\"twitter:label1\" content=\"\u00c9crit par\" \/>\n\t<meta name=\"twitter:data1\" content=\"La jarbelle\" \/>\n\t<meta name=\"twitter:label2\" content=\"Dur\u00e9e de lecture estim\u00e9e\" \/>\n\t<meta name=\"twitter:data2\" content=\"3 minutes\" \/>\n<script type=\"application\/ld+json\" class=\"yoast-schema-graph\">{\"@context\":\"https:\\\/\\\/schema.org\",\"@graph\":[{\"@type\":\"Article\",\"@id\":\"https:\\\/\\\/www.lajarbelle.com\\\/index.php\\\/2019\\\/07\\\/14\\\/festival-detox-et-bien-etre-en-montagne\\\/#article\",\"isPartOf\":{\"@id\":\"https:\\\/\\\/www.lajarbelle.com\\\/index.php\\\/2019\\\/07\\\/14\\\/festival-detox-et-bien-etre-en-montagne\\\/\"},\"author\":{\"name\":\"La jarbelle\",\"@id\":\"https:\\\/\\\/www.lajarbelle.com\\\/#\\\/schema\\\/person\\\/afa2d71425f6eacce0931f3031f7d80f\"},\"headline\":\"Festival d\u00e9tox et bien-\u00eatre en montagne\",\"datePublished\":\"2019-07-14T14:36:39+00:00\",\"dateModified\":\"2019-07-14T14:37:44+00:00\",\"mainEntityOfPage\":{\"@id\":\"https:\\\/\\\/www.lajarbelle.com\\\/index.php\\\/2019\\\/07\\\/14\\\/festival-detox-et-bien-etre-en-montagne\\\/\"},\"wordCount\":671,\"publisher\":{\"@id\":\"https:\\\/\\\/www.lajarbelle.com\\\/#organization\"},\"image\":{\"@id\":\"https:\\\/\\\/www.lajarbelle.com\\\/index.php\\\/2019\\\/07\\\/14\\\/festival-detox-et-bien-etre-en-montagne\\\/#primaryimage\"},\"thumbnailUrl\":\"https:\\\/\\\/www.lajarbelle.com\\\/wp-content\\\/uploads\\\/2019\\\/07\\\/festival-detox-1140x400.png\",\"articleSection\":[\"Culture et divertissements\",\"Espace d\u00e9tente\",\"information g\u00e9n\u00e9rale\",\"Vacances\"],\"inLanguage\":\"fr-FR\"},{\"@type\":\"WebPage\",\"@id\":\"https:\\\/\\\/www.lajarbelle.com\\\/index.php\\\/2019\\\/07\\\/14\\\/festival-detox-et-bien-etre-en-montagne\\\/\",\"url\":\"https:\\\/\\\/www.lajarbelle.com\\\/index.php\\\/2019\\\/07\\\/14\\\/festival-detox-et-bien-etre-en-montagne\\\/\",\"name\":\"Festival d\u00e9tox et bien-\u00eatre en montagne\",\"isPartOf\":{\"@id\":\"https:\\\/\\\/www.lajarbelle.com\\\/#website\"},\"primaryImageOfPage\":{\"@id\":\"https:\\\/\\\/www.lajarbelle.com\\\/index.php\\\/2019\\\/07\\\/14\\\/festival-detox-et-bien-etre-en-montagne\\\/#primaryimage\"},\"image\":{\"@id\":\"https:\\\/\\\/www.lajarbelle.com\\\/index.php\\\/2019\\\/07\\\/14\\\/festival-detox-et-bien-etre-en-montagne\\\/#primaryimage\"},\"thumbnailUrl\":\"https:\\\/\\\/www.lajarbelle.com\\\/wp-content\\\/uploads\\\/2019\\\/07\\\/festival-detox-1140x400.png\",\"datePublished\":\"2019-07-14T14:36:39+00:00\",\"dateModified\":\"2019-07-14T14:37:44+00:00\",\"description\":\"Du 23 au 25 juillet, Les Orres vous proposent 3 jours en montagne pour respirer, se d\u00e9passer, partager avec du yoga, balade \u00e9questre, stretching, ateliers cuisine et cosm\u00e9tiques, zumba, r\u00e9veil musculaire, massages...\",\"breadcrumb\":{\"@id\":\"https:\\\/\\\/www.lajarbelle.com\\\/index.php\\\/2019\\\/07\\\/14\\\/festival-detox-et-bien-etre-en-montagne\\\/#breadcrumb\"},\"inLanguage\":\"fr-FR\",\"potentialAction\":[{\"@type\":\"ReadAction\",\"target\":[\"https:\\\/\\\/www.lajarbelle.com\\\/index.php\\\/2019\\\/07\\\/14\\\/festival-detox-et-bien-etre-en-montagne\\\/\"]}]},{\"@type\":\"ImageObject\",\"inLanguage\":\"fr-FR\",\"@id\":\"https:\\\/\\\/www.lajarbelle.com\\\/index.php\\\/2019\\\/07\\\/14\\\/festival-detox-et-bien-etre-en-montagne\\\/#primaryimage\",\"url\":\"https:\\\/\\\/www.lajarbelle.com\\\/wp-content\\\/uploads\\\/2019\\\/07\\\/festival-detox-1140x400.png\",\"contentUrl\":\"https:\\\/\\\/www.lajarbelle.com\\\/wp-content\\\/uploads\\\/2019\\\/07\\\/festival-detox-1140x400.png\",\"width\":1140,\"height\":400},{\"@type\":\"BreadcrumbList\",\"@id\":\"https:\\\/\\\/www.lajarbelle.com\\\/index.php\\\/2019\\\/07\\\/14\\\/festival-detox-et-bien-etre-en-montagne\\\/#breadcrumb\",\"itemListElement\":[{\"@type\":\"ListItem\",\"position\":1,\"name\":\"Accueil\",\"item\":\"https:\\\/\\\/www.lajarbelle.com\\\/\"},{\"@type\":\"ListItem\",\"position\":2,\"name\":\"Festival d\u00e9tox et bien-\u00eatre en montagne\"}]},{\"@type\":\"WebSite\",\"@id\":\"https:\\\/\\\/www.lajarbelle.com\\\/#website\",\"url\":\"https:\\\/\\\/www.lajarbelle.com\\\/\",\"name\":\"La Jarbelle - G\u00eetes et Spa\",\"description\":\"Le bien-\u00eatre \u00e0 la montagne\",\"publisher\":{\"@id\":\"https:\\\/\\\/www.lajarbelle.com\\\/#organization\"},\"potentialAction\":[{\"@type\":\"SearchAction\",\"target\":{\"@type\":\"EntryPoint\",\"urlTemplate\":\"https:\\\/\\\/www.lajarbelle.com\\\/?s={search_term_string}\"},\"query-input\":{\"@type\":\"PropertyValueSpecification\",\"valueRequired\":true,\"valueName\":\"search_term_string\"}}],\"inLanguage\":\"fr-FR\"},{\"@type\":\"Organization\",\"@id\":\"https:\\\/\\\/www.lajarbelle.com\\\/#organization\",\"name\":\"SAS LA JARBELLE\",\"url\":\"https:\\\/\\\/www.lajarbelle.com\\\/\",\"logo\":{\"@type\":\"ImageObject\",\"inLanguage\":\"fr-FR\",\"@id\":\"https:\\\/\\\/www.lajarbelle.com\\\/#\\\/schema\\\/logo\\\/image\\\/\",\"url\":\"https:\\\/\\\/www.lajarbelle.com\\\/wp-content\\\/uploads\\\/2020\\\/05\\\/icone_lajarbelle.png\",\"contentUrl\":\"https:\\\/\\\/www.lajarbelle.com\\\/wp-content\\\/uploads\\\/2020\\\/05\\\/icone_lajarbelle.png\",\"width\":250,\"height\":250,\"caption\":\"SAS LA JARBELLE\"},\"image\":{\"@id\":\"https:\\\/\\\/www.lajarbelle.com\\\/#\\\/schema\\\/logo\\\/image\\\/\"},\"sameAs\":[\"https:\\\/\\\/www.facebook.com\\\/gitelajarbelle\",\"https:\\\/\\\/x.com\\\/lajarbelle\",\"https:\\\/\\\/instagram.com\\\/gite_lajarbelle\",\"http:\\\/\\\/www.linkedin.com\\\/in\\\/guillaume-plisson-05200\",\"https:\\\/\\\/www.pinterest.fr\\\/lajarbelle\"]},{\"@type\":\"Person\",\"@id\":\"https:\\\/\\\/www.lajarbelle.com\\\/#\\\/schema\\\/person\\\/afa2d71425f6eacce0931f3031f7d80f\",\"name\":\"La jarbelle\",\"image\":{\"@type\":\"ImageObject\",\"inLanguage\":\"fr-FR\",\"@id\":\"https:\\\/\\\/secure.gravatar.com\\\/avatar\\\/3e736281943c32c619f314e14fd361dad3c4e800935c4fe65c9df7cd105cd96c?s=96&d=mm&r=g\",\"url\":\"https:\\\/\\\/secure.gravatar.com\\\/avatar\\\/3e736281943c32c619f314e14fd361dad3c4e800935c4fe65c9df7cd105cd96c?s=96&d=mm&r=g\",\"contentUrl\":\"https:\\\/\\\/secure.gravatar.com\\\/avatar\\\/3e736281943c32c619f314e14fd361dad3c4e800935c4fe65c9df7cd105cd96c?s=96&d=mm&r=g\",\"caption\":\"La jarbelle\"}}]}<\/script>\n<!-- \/ Yoast SEO Premium plugin. -->","yoast_head_json":{"title":"Festival d\u00e9tox et bien-\u00eatre en montagne","description":"Du 23 au 25 juillet, Les Orres vous proposent 3 jours en montagne pour respirer, se d\u00e9passer, partager avec du yoga, balade \u00e9questre, stretching, ateliers cuisine et cosm\u00e9tiques, zumba, r\u00e9veil musculaire, massages...","robots":{"index":"index","follow":"follow","max-snippet":"max-snippet:-1","max-image-preview":"max-image-preview:large","max-video-preview":"max-video-preview:-1"},"canonical":"https:\/\/www.lajarbelle.com\/index.php\/2019\/07\/14\/festival-detox-et-bien-etre-en-montagne\/","og_locale":"fr_FR","og_type":"article","og_title":"Festival d\u00e9tox et bien-\u00eatre en montagne","og_description":"Du 23 au 25 juillet, Les Orres vous proposent 3 jours en montagne pour respirer, se d\u00e9passer, partager avec du yoga, balade \u00e9questre, stretching, ateliers cuisine et cosm\u00e9tiques, zumba, r\u00e9veil musculaire, massages...","og_url":"https:\/\/www.lajarbelle.com\/index.php\/2019\/07\/14\/festival-detox-et-bien-etre-en-montagne\/","og_site_name":"La Jarbelle - G\u00eetes et Spa","article_publisher":"https:\/\/www.facebook.com\/gitelajarbelle","article_published_time":"2019-07-14T14:36:39+00:00","article_modified_time":"2019-07-14T14:37:44+00:00","og_image":[{"url":"https:\/\/www.lajarbelle.com\/wp-content\/uploads\/2019\/07\/festival-detox-1140x400.png","type":"","width":"","height":""}],"author":"La jarbelle","twitter_card":"summary_large_image","twitter_title":"Festival d\u00e9tox et bien-\u00eatre en montagne","twitter_creator":"@lajarbelle","twitter_site":"@lajarbelle","twitter_misc":{"\u00c9crit par":"La jarbelle","Dur\u00e9e de lecture estim\u00e9e":"3 minutes"},"schema":{"@context":"https:\/\/schema.org","@graph":[{"@type":"Article","@id":"https:\/\/www.lajarbelle.com\/index.php\/2019\/07\/14\/festival-detox-et-bien-etre-en-montagne\/#article","isPartOf":{"@id":"https:\/\/www.lajarbelle.com\/index.php\/2019\/07\/14\/festival-detox-et-bien-etre-en-montagne\/"},"author":{"name":"La jarbelle","@id":"https:\/\/www.lajarbelle.com\/#\/schema\/person\/afa2d71425f6eacce0931f3031f7d80f"},"headline":"Festival d\u00e9tox et bien-\u00eatre en montagne","datePublished":"2019-07-14T14:36:39+00:00","dateModified":"2019-07-14T14:37:44+00:00","mainEntityOfPage":{"@id":"https:\/\/www.lajarbelle.com\/index.php\/2019\/07\/14\/festival-detox-et-bien-etre-en-montagne\/"},"wordCount":671,"publisher":{"@id":"https:\/\/www.lajarbelle.com\/#organization"},"image":{"@id":"https:\/\/www.lajarbelle.com\/index.php\/2019\/07\/14\/festival-detox-et-bien-etre-en-montagne\/#primaryimage"},"thumbnailUrl":"https:\/\/www.lajarbelle.com\/wp-content\/uploads\/2019\/07\/festival-detox-1140x400.png","articleSection":["Culture et divertissements","Espace d\u00e9tente","information g\u00e9n\u00e9rale","Vacances"],"inLanguage":"fr-FR"},{"@type":"WebPage","@id":"https:\/\/www.lajarbelle.com\/index.php\/2019\/07\/14\/festival-detox-et-bien-etre-en-montagne\/","url":"https:\/\/www.lajarbelle.com\/index.php\/2019\/07\/14\/festival-detox-et-bien-etre-en-montagne\/","name":"Festival d\u00e9tox et bien-\u00eatre en montagne","isPartOf":{"@id":"https:\/\/www.lajarbelle.com\/#website"},"primaryImageOfPage":{"@id":"https:\/\/www.lajarbelle.com\/index.php\/2019\/07\/14\/festival-detox-et-bien-etre-en-montagne\/#primaryimage"},"image":{"@id":"https:\/\/www.lajarbelle.com\/index.php\/2019\/07\/14\/festival-detox-et-bien-etre-en-montagne\/#primaryimage"},"thumbnailUrl":"https:\/\/www.lajarbelle.com\/wp-content\/uploads\/2019\/07\/festival-detox-1140x400.png","datePublished":"2019-07-14T14:36:39+00:00","dateModified":"2019-07-14T14:37:44+00:00","description":"Du 23 au 25 juillet, Les Orres vous proposent 3 jours en montagne pour respirer, se d\u00e9passer, partager avec du yoga, balade \u00e9questre, stretching, ateliers cuisine et cosm\u00e9tiques, zumba, r\u00e9veil musculaire, massages...","breadcrumb":{"@id":"https:\/\/www.lajarbelle.com\/index.php\/2019\/07\/14\/festival-detox-et-bien-etre-en-montagne\/#breadcrumb"},"inLanguage":"fr-FR","potentialAction":[{"@type":"ReadAction","target":["https:\/\/www.lajarbelle.com\/index.php\/2019\/07\/14\/festival-detox-et-bien-etre-en-montagne\/"]}]},{"@type":"ImageObject","inLanguage":"fr-FR","@id":"https:\/\/www.lajarbelle.com\/index.php\/2019\/07\/14\/festival-detox-et-bien-etre-en-montagne\/#primaryimage","url":"https:\/\/www.lajarbelle.com\/wp-content\/uploads\/2019\/07\/festival-detox-1140x400.png","contentUrl":"https:\/\/www.lajarbelle.com\/wp-content\/uploads\/2019\/07\/festival-detox-1140x400.png","width":1140,"height":400},{"@type":"BreadcrumbList","@id":"https:\/\/www.lajarbelle.com\/index.php\/2019\/07\/14\/festival-detox-et-bien-etre-en-montagne\/#breadcrumb","itemListElement":[{"@type":"ListItem","position":1,"name":"Accueil","item":"https:\/\/www.lajarbelle.com\/"},{"@type":"ListItem","position":2,"name":"Festival d\u00e9tox et bien-\u00eatre en montagne"}]},{"@type":"WebSite","@id":"https:\/\/www.lajarbelle.com\/#website","url":"https:\/\/www.lajarbelle.com\/","name":"La Jarbelle - G\u00eetes et Spa","description":"Le bien-\u00eatre \u00e0 la montagne","publisher":{"@id":"https:\/\/www.lajarbelle.com\/#organization"},"potentialAction":[{"@type":"SearchAction","target":{"@type":"EntryPoint","urlTemplate":"https:\/\/www.lajarbelle.com\/?s={search_term_string}"},"query-input":{"@type":"PropertyValueSpecification","valueRequired":true,"valueName":"search_term_string"}}],"inLanguage":"fr-FR"},{"@type":"Organization","@id":"https:\/\/www.lajarbelle.com\/#organization","name":"SAS LA JARBELLE","url":"https:\/\/www.lajarbelle.com\/","logo":{"@type":"ImageObject","inLanguage":"fr-FR","@id":"https:\/\/www.lajarbelle.com\/#\/schema\/logo\/image\/","url":"https:\/\/www.lajarbelle.com\/wp-content\/uploads\/2020\/05\/icone_lajarbelle.png","contentUrl":"https:\/\/www.lajarbelle.com\/wp-content\/uploads\/2020\/05\/icone_lajarbelle.png","width":250,"height":250,"caption":"SAS LA JARBELLE"},"image":{"@id":"https:\/\/www.lajarbelle.com\/#\/schema\/logo\/image\/"},"sameAs":["https:\/\/www.facebook.com\/gitelajarbelle","https:\/\/x.com\/lajarbelle","https:\/\/instagram.com\/gite_lajarbelle","http:\/\/www.linkedin.com\/in\/guillaume-plisson-05200","https:\/\/www.pinterest.fr\/lajarbelle"]},{"@type":"Person","@id":"https:\/\/www.lajarbelle.com\/#\/schema\/person\/afa2d71425f6eacce0931f3031f7d80f","name":"La jarbelle","image":{"@type":"ImageObject","inLanguage":"fr-FR","@id":"https:\/\/secure.gravatar.com\/avatar\/3e736281943c32c619f314e14fd361dad3c4e800935c4fe65c9df7cd105cd96c?s=96&d=mm&r=g","url":"https:\/\/secure.gravatar.com\/avatar\/3e736281943c32c619f314e14fd361dad3c4e800935c4fe65c9df7cd105cd96c?s=96&d=mm&r=g","contentUrl":"https:\/\/secure.gravatar.com\/avatar\/3e736281943c32c619f314e14fd361dad3c4e800935c4fe65c9df7cd105cd96c?s=96&d=mm&r=g","caption":"La jarbelle"}}]}},"_links":{"self":[{"href":"https:\/\/www.lajarbelle.com\/index.php\/wp-json\/wp\/v2\/posts\/3043","targetHints":{"allow":["GET"]}}],"collection":[{"href":"https:\/\/www.lajarbelle.com\/index.php\/wp-json\/wp\/v2\/posts"}],"about":[{"href":"https:\/\/www.lajarbelle.com\/index.php\/wp-json\/wp\/v2\/types\/post"}],"author":[{"embeddable":true,"href":"https:\/\/www.lajarbelle.com\/index.php\/wp-json\/wp\/v2\/users\/1"}],"replies":[{"embeddable":true,"href":"https:\/\/www.lajarbelle.com\/index.php\/wp-json\/wp\/v2\/comments?post=3043"}],"version-history":[{"count":2,"href":"https:\/\/www.lajarbelle.com\/index.php\/wp-json\/wp\/v2\/posts\/3043\/revisions"}],"predecessor-version":[{"id":3046,"href":"https:\/\/www.lajarbelle.com\/index.php\/wp-json\/wp\/v2\/posts\/3043\/revisions\/3046"}],"wp:featuredmedia":[{"embeddable":true,"href":"https:\/\/www.lajarbelle.com\/index.php\/wp-json\/wp\/v2\/media\/3044"}],"wp:attachment":[{"href":"https:\/\/www.lajarbelle.com\/index.php\/wp-json\/wp\/v2\/media?parent=3043"}],"wp:term":[{"taxonomy":"category","embeddable":true,"href":"https:\/\/www.lajarbelle.com\/index.php\/wp-json\/wp\/v2\/categories?post=3043"},{"taxonomy":"post_tag","embeddable":true,"href":"https:\/\/www.lajarbelle.com\/index.php\/wp-json\/wp\/v2\/tags?post=3043"}],"curies":[{"name":"wp","href":"https:\/\/api.w.org\/{rel}","templated":true}]}}