{"id":6605,"date":"2022-06-13T13:07:27","date_gmt":"2022-06-13T11:07:27","guid":{"rendered":"https:\/\/www.lajarbelle.com\/?p=6605"},"modified":"2022-06-13T13:11:05","modified_gmt":"2022-06-13T11:11:05","slug":"week-end-pure-ride","status":"publish","type":"post","link":"https:\/\/www.lajarbelle.com\/index.php\/2022\/06\/13\/week-end-pure-ride\/","title":{"rendered":"WEEK-END PURE RIDE"},"content":{"rendered":"\t\t<div data-elementor-type=\"wp-post\" data-elementor-id=\"6605\" class=\"elementor elementor-6605\" data-elementor-post-type=\"post\">\n\t\t\t\t\t\t<section class=\"elementor-section elementor-top-section elementor-element elementor-element-55d8f35 elementor-section-boxed elementor-section-height-default elementor-section-height-default\" data-id=\"55d8f35\" data-element_type=\"section\" data-e-type=\"section\">\n\t\t\t\t\t\t<div class=\"elementor-container elementor-column-gap-default\">\n\t\t\t\t\t<div class=\"elementor-column elementor-col-100 elementor-top-column elementor-element elementor-element-a52a317\" data-id=\"a52a317\" data-element_type=\"column\" data-e-type=\"column\">\n\t\t\t<div class=\"elementor-widget-wrap elementor-element-populated\">\n\t\t\t\t\t\t<div class=\"elementor-element elementor-element-88dc2ef elementor-widget elementor-widget-text-editor\" data-id=\"88dc2ef\" data-element_type=\"widget\" data-e-type=\"widget\" data-widget_type=\"text-editor.default\">\n\t\t\t\t<div class=\"elementor-widget-container\">\n\t\t\t\t\t\t\t\t\t<p class=\"rtejustify\">Venez partager votre passion du VTT\u00a0<strong>les 23 &amp; 24 juillet 2022<\/strong>\u00a0pour rouler en compagnie des Ambassad&rsquo;Orres et Anne-Caroline Chausson et d\u00e9couvrir la descente en vall\u00e9e jusqu&rsquo;au lac de Serre-Pon\u00e7on !<br \/>\u00a0<\/p><p class=\"rtecenter\"><img decoding=\"async\" class=\"aligncenter\" src=\"https:\/\/www.lesorres.com\/sites\/lesorres.com\/files\/page\/4438\/pureride2063x1080.jpg\" alt=\"\" \/><\/p><p class=\"rtecenter\"><strong>REVIVEZ LE WEEK-END <a href=\"https:\/\/www.flickr.com\/photos\/lesorres\/albums\/72157719469379074\" target=\"_blank\" rel=\"noopener\">DU 26\/27 JUIN 2021 EN IMAGES<\/a><\/strong><\/p><p class=\"rtecenter\"><strong>PROGRAMME DE 2021 EN ATTENDANT LE NOUVEAU<\/strong><\/p><p class=\"rtecenter\"><strong><img decoding=\"async\" class=\"image-thumbnail\" src=\"https:\/\/www.lesorres.com\/sites\/lesorres.com\/files\/styles\/thumbnail\/public\/page\/4438\/mountain-bikenoir.png?itok=a4E8FBMT\" alt=\"\" \/>\u00a0<\/strong><strong>JE M&rsquo;INSCRIS \u00c0 L&rsquo;ENDURO VALL\u00c9E\u00a0<\/strong><strong><img decoding=\"async\" class=\"image-thumbnail\" src=\"https:\/\/www.lesorres.com\/sites\/lesorres.com\/files\/styles\/thumbnail\/public\/page\/4438\/mountain-bikenoir.png?itok=a4E8FBMT\" alt=\"\" \/><\/strong><\/p><p class=\"rtecenter\"><strong style=\"color: #344583; font-family: 'Roboto Slab', sans-serif; font-size: 1.375rem;\">SAMEDI 24 JUILLET<\/strong><\/p><div class=\"traduction-libelle-content\"><p class=\"rtejustify\">&gt;\u00a0\u00a0<strong>Toute la journ\u00e9e<\/strong>\u00a0\/\/\u00a0<strong>DJ set<\/strong><strong>\u00a0<\/strong>by\u00a0<strong>DJOR<\/strong>\u00a0sur le front de neige 1650<\/p><p class=\"rtejustify\">&gt;\u00a0<strong>10h30<\/strong>\u00a0\/\/ Social ride avec nos\u00a0<strong><a href=\"https:\/\/www.lesorres.com\/fr\/team-ambassad-orres-0\">Ambassad&rsquo;Orres<\/a><\/strong><\/p><p class=\"rtecenter\"><iframe src=\"https:\/\/www.youtube.com\/embed\/gMMne-l7jFM\" width=\"900\" height=\"300\" frameborder=\"0\" allowfullscreen=\"allowfullscreen\" data-mce-fragment=\"1\"><\/iframe><\/p><p class=\"rtejustify\">&gt;\u00a0<strong>14h30<\/strong>\u00a0\/\/ RDV devant La Bulle au centre station 1650 pour l&rsquo;<strong>ENDURO VALL\u00c9E<\/strong>\u00a0: d\u00e9part du sommet du t\u00e9l\u00e9si\u00e8ge de Pic Vert pour la descente en vall\u00e9e jusqu&rsquo;au plan d&rsquo;eau d&rsquo;Embrun encadr\u00e9e par les moniteurs d&rsquo;<strong><a href=\"https:\/\/www.horizons-tout-terrain.com\/\" target=\"_blank\" rel=\"noopener\">Horizons Tout Terrain<\/a><\/strong>, et en pr\u00e9sence<strong>\u00a0des Ambassad&rsquo;orres, et des Bike-Patrols<\/strong>.\u00a0<strong>(v\u00e9lo Enduro conseill\u00e9).<\/strong><\/p><p class=\"rtecenter\"><strong>JE M&rsquo;INSCRIS \u00c0 L&rsquo;ENDURO VALL\u00c9E<\/strong><\/p><p class=\"rtecenter\"><img decoding=\"async\" class=\"aligncenter\" src=\"https:\/\/www.lesorres.com\/sites\/lesorres.com\/files\/page\/4438\/pureride2020juilletagencekrosremifabregue-48.jpg\" alt=\"Descente en vall\u00e9e - Cr\u00e9dit R\u00e9mi Fabr\u00e8gue Agence Kros\" \/><\/p><ul><li class=\"rtejustify\">2 parcours possibles (ridez sur les traces de la\u00a0<strong>Coupe du Monde Enduro World Series<\/strong>\u00a0ou sur un parcours d\u00e9couverte)<\/li><li class=\"rtejustify\"><strong>VTT Enduro conseill\u00e9<\/strong><\/li><li class=\"rtejustify\">Navettes retour station gratuites organis\u00e9es (port du masque obligatoire dans le bus)<\/li><li class=\"rtejustify\">Gratuit pour les titulaires d&rsquo;un forfait VTT en cours de validit\u00e9.<\/li><li class=\"rtejustify\"><strong>Inscriptions obligatoires aupr\u00e8s d&rsquo;\u00a0<a href=\"https:\/\/activiteez.com\/u\/72957525542005\/60b750753cc46269b560e5a1?instance=0&amp;embedded=true\" target=\"_blank\" rel=\"noopener\">Horizons Tout Terrain \u00e0 La Bulle 1650<\/a>\u00a0<u>avant le mercredi 21 juillet<\/u>\u00a0au 06 81 09 55 92 ou 06 40 76 73 99 ou sur\u00a0<a href=\"https:\/\/mail.google.com\/mail\/?view=cm&amp;fs=1&amp;tf=1&amp;to=htt.vtt.05@gmail.com\" target=\"_blank\" rel=\"noopener\">htt.vtt.05@gmail.com<\/a><\/strong><\/li><\/ul><p class=\"rtejustify\">&gt;\u00a0<strong>18h45 \/\/<\/strong>\u00a0<strong>NUIT DU RIDE<\/strong>\u00a0(diffusions vid\u00e9os\/films VTT) sur \u00e9cran g\u00e9ant sur le front de neige 1650.<\/p><p class=\"rtejustify\">1 :\u00a0<a href=\"https:\/\/youtu.be\/V3niABXun6k\" target=\"_blank\" rel=\"noopener\"><strong>Teaser Les Orres Bike Park 2021<\/strong>\u00a0<\/a><br \/>2 :\u00a0<a href=\"https:\/\/youtu.be\/ih1X0IMYi-I\" target=\"_blank\" rel=\"noopener\"><strong>Follow the light &#8211; Kilian Bron\u00a0<\/strong><\/a><br \/>3 :\u00a0<a href=\"https:\/\/youtu.be\/6MlaNLxlD3k\" target=\"_blank\" rel=\"noopener\"><strong>Coupe de France Les Orres 2020<\/strong><\/a><br \/>4 :\u00a0<strong>Le \u00ab\u00a0vrai\u00a0\u00bb film de la s\u00e9ance :\u00a0<a href=\"https:\/\/youtu.be\/uyE9WBCj4oU\" target=\"_blank\" rel=\"noopener\">The Old World &#8211; Tillmann Brothers\u00a0<\/a><\/strong><br \/>(Le film The Old World brise la barri\u00e8re entre le VTT et le BMX et met en lumi\u00e8re les riders les plus talentueux d&rsquo;Europe, tels que Matthias Dandois et Vincent Tupin.)<\/p><p class=\"rtecenter\"><img decoding=\"async\" class=\"image-large\" src=\"https:\/\/www.lesorres.com\/sites\/lesorres.com\/files\/styles\/large\/public\/page\/4438\/pureride2020juilletagencekrosremifabregue-53.jpg?itok=Cie7e7g-\" alt=\"\" width=\"193\" height=\"111\" \/>\u00a0\u00a0<img decoding=\"async\" class=\"image-large\" src=\"https:\/\/www.lesorres.com\/sites\/lesorres.com\/files\/styles\/large\/public\/page\/4438\/pureride2020juilletagencekrosremifabregue-46.jpg?itok=rJ7Kt_U1\" alt=\"\" width=\"179\" height=\"111\" \/><\/p><h3 class=\"rtejustify\"><strong>DIMANCHE 25 JUILLET<\/strong><\/h3><p class=\"rtejustify\">&gt;\u00a0<strong>Toute la journ\u00e9e<\/strong>\u00a0\/\/\u00a0<strong>DJ set<\/strong><strong>\u00a0<\/strong>by\u00a0<strong>DJOR<\/strong>\u00a0sur le front de neige 1650<\/p><p class=\"rtejustify\">&gt; Social ride\u00a0<strong>en journ\u00e9e<\/strong>\u00a0avec\u00a0<strong><a href=\"https:\/\/www.lesorres.com\/fr\/actu-anne-caroline-chausson\">Anne Caroline Chausson<\/a><\/strong>\u00a0&amp; nos\u00a0<strong><a href=\"https:\/\/www.lesorres.com\/fr\/team-ambassad-orres-0\">Ambassad&rsquo;Orres<\/a><\/strong><\/p><p class=\"rtejustify\">&gt;\u00a0\u00a0<strong>Toute la journ\u00e9e<\/strong>\u00a0\/\/\u00a0<strong>Magic Box\u00a0<a href=\"https:\/\/dakine-europe.com\/\" target=\"_blank\" rel=\"noopener\">DAKINE<\/a><\/strong><\/p><p class=\"rtejustify\">&gt;\u00a0<strong>Shooting photo \/\/\u00a0<\/strong>gagnez votre shooting photo d\u2019une heure sur la piste de votre choix !<br \/>\u00a0<\/p><p class=\"rtecenter\"><img decoding=\"async\" class=\"image-large\" src=\"https:\/\/www.lesorres.com\/sites\/lesorres.com\/files\/styles\/large\/public\/page\/4438\/pureride2020juilletagencekrosremifabregue-16.jpg?itok=QtN1Lugo\" alt=\"\" width=\"197\" height=\"106\" \/>\u00a0\u00a0\u00a0<img loading=\"lazy\" decoding=\"async\" class=\"image-large\" src=\"https:\/\/www.lesorres.com\/sites\/lesorres.com\/files\/styles\/large\/public\/page\/4438\/pureride2020juilletagencekrosremifabregue-23.jpg?itok=V8zvpms5\" alt=\"\" width=\"180\" height=\"107\" \/><\/p><\/div><p class=\"rtecenter\"><img loading=\"lazy\" decoding=\"async\" class=\"\" src=\"https:\/\/www.lesorres.com\/sites\/lesorres.com\/files\/page\/4438\/pureride2020juilletagencekrosremifabregue-54.jpg\" alt=\"\" width=\"392\" height=\"187\" \/><\/p><p>\u00a0<\/p>\t\t\t\t\t\t\t\t<\/div>\n\t\t\t\t<\/div>\n\t\t\t\t\t<\/div>\n\t\t<\/div>\n\t\t\t\t\t<\/div>\n\t\t<\/section>\n\t\t\t\t<\/div>\n\t\t","protected":false},"excerpt":{"rendered":"<p>Venez partager votre passion du VTT&nbsp;les 23 &amp; 24 juillet 2022&nbsp;pour rouler en compagnie des Ambassad&rsquo;Orres et Anne-Caroline Chausson et d\u00e9couvrir la descente en vall\u00e9e jusqu&rsquo;au lac de Serre-Pon\u00e7on !&nbsp; REVIVEZ LE WEEK-END DU 26\/27 JUIN 2021 EN IMAGES PROGRAMME DE 2021 EN ATTENDANT LE NOUVEAU &nbsp;JE M&rsquo;INSCRIS \u00c0 L&rsquo;ENDURO VALL\u00c9E&nbsp; SAMEDI 24 JUILLET &gt;&nbsp;&nbsp;Toute [&hellip;]<\/p>\n","protected":false},"author":1,"featured_media":6606,"comment_status":"closed","ping_status":"open","sticky":false,"template":"","format":"standard","meta":{"footnotes":""},"categories":[17,82,79,19],"tags":[],"class_list":["post-6605","post","type-post","status-publish","format-standard","has-post-thumbnail","hentry","category-attractions","category-info-generale","category-sports-ete","category-vacances"],"yoast_head":"<!-- This site is optimized with the Yoast SEO Premium plugin v25.6 (Yoast SEO v27.5) - https:\/\/yoast.com\/product\/yoast-seo-premium-wordpress\/ -->\n<title>WEEK-END PURE RIDE - La Jarbelle - G\u00eetes et Spa<\/title>\n<meta name=\"description\" content=\"Venez partager votre passion du VTT les 23 &amp; 24 juillet 2022 pour rouler en compagnie des Ambassad&#039;Orres et Anne-Caroline Chausson et d\u00e9couvrir la descente en vall\u00e9e jusqu&#039;au lac de Serre-Pon\u00e7on !\" \/>\n<meta name=\"robots\" content=\"index, follow, max-snippet:-1, max-image-preview:large, max-video-preview:-1\" \/>\n<link rel=\"canonical\" href=\"https:\/\/www.lajarbelle.com\/index.php\/2022\/06\/13\/week-end-pure-ride\/\" \/>\n<meta property=\"og:locale\" content=\"fr_FR\" \/>\n<meta property=\"og:type\" content=\"article\" \/>\n<meta property=\"og:title\" content=\"WEEK-END PURE RIDE\" \/>\n<meta property=\"og:description\" content=\"Venez partager votre passion du VTT les 23 &amp; 24 juillet 2022 pour rouler en compagnie des Ambassad&#039;Orres et Anne-Caroline Chausson et d\u00e9couvrir la descente en vall\u00e9e jusqu&#039;au lac de Serre-Pon\u00e7on !\" \/>\n<meta property=\"og:url\" content=\"https:\/\/www.lajarbelle.com\/index.php\/2022\/06\/13\/week-end-pure-ride\/\" \/>\n<meta property=\"og:site_name\" content=\"La Jarbelle - G\u00eetes et Spa\" \/>\n<meta property=\"article:publisher\" content=\"https:\/\/www.facebook.com\/gitelajarbelle\" \/>\n<meta property=\"article:published_time\" content=\"2022-06-13T11:07:27+00:00\" \/>\n<meta property=\"article:modified_time\" content=\"2022-06-13T11:11:05+00:00\" \/>\n<meta property=\"og:image\" content=\"https:\/\/www.lajarbelle.com\/wp-content\/uploads\/2022\/06\/pureride2063x1080.jpg\" \/>\n\t<meta property=\"og:image:width\" content=\"2063\" \/>\n\t<meta property=\"og:image:height\" content=\"1080\" \/>\n\t<meta property=\"og:image:type\" content=\"image\/jpeg\" \/>\n<meta name=\"author\" content=\"La jarbelle\" \/>\n<meta name=\"twitter:card\" content=\"summary_large_image\" \/>\n<meta name=\"twitter:description\" content=\"Venez partager votre passion du VTT les 23 &amp; 24 juillet 2022 pour rouler en compagnie des Ambassad&#039;Orres et Anne-Caroline Chausson et d\u00e9couvrir la descente en vall\u00e9e jusqu&#039;au lac de Serre-Pon\u00e7on !\" \/>\n<meta name=\"twitter:creator\" content=\"@lajarbelle\" \/>\n<meta name=\"twitter:site\" content=\"@lajarbelle\" \/>\n<meta name=\"twitter:label1\" content=\"\u00c9crit par\" \/>\n\t<meta name=\"twitter:data1\" content=\"La jarbelle\" \/>\n\t<meta name=\"twitter:label2\" content=\"Dur\u00e9e de lecture estim\u00e9e\" \/>\n\t<meta name=\"twitter:data2\" content=\"4 minutes\" \/>\n<script type=\"application\/ld+json\" class=\"yoast-schema-graph\">{\"@context\":\"https:\\\/\\\/schema.org\",\"@graph\":[{\"@type\":\"Article\",\"@id\":\"https:\\\/\\\/www.lajarbelle.com\\\/index.php\\\/2022\\\/06\\\/13\\\/week-end-pure-ride\\\/#article\",\"isPartOf\":{\"@id\":\"https:\\\/\\\/www.lajarbelle.com\\\/index.php\\\/2022\\\/06\\\/13\\\/week-end-pure-ride\\\/\"},\"author\":{\"name\":\"La jarbelle\",\"@id\":\"https:\\\/\\\/www.lajarbelle.com\\\/#\\\/schema\\\/person\\\/afa2d71425f6eacce0931f3031f7d80f\"},\"headline\":\"WEEK-END PURE RIDE\",\"datePublished\":\"2022-06-13T11:07:27+00:00\",\"dateModified\":\"2022-06-13T11:11:05+00:00\",\"mainEntityOfPage\":{\"@id\":\"https:\\\/\\\/www.lajarbelle.com\\\/index.php\\\/2022\\\/06\\\/13\\\/week-end-pure-ride\\\/\"},\"wordCount\":401,\"publisher\":{\"@id\":\"https:\\\/\\\/www.lajarbelle.com\\\/#organization\"},\"image\":{\"@id\":\"https:\\\/\\\/www.lajarbelle.com\\\/index.php\\\/2022\\\/06\\\/13\\\/week-end-pure-ride\\\/#primaryimage\"},\"thumbnailUrl\":\"https:\\\/\\\/www.lajarbelle.com\\\/wp-content\\\/uploads\\\/2022\\\/06\\\/pureride2063x1080.jpg\",\"articleSection\":[\"Attractions\",\"information g\u00e9n\u00e9rale\",\"Sports \u00e9t\u00e9\",\"Vacances\"],\"inLanguage\":\"fr-FR\"},{\"@type\":\"WebPage\",\"@id\":\"https:\\\/\\\/www.lajarbelle.com\\\/index.php\\\/2022\\\/06\\\/13\\\/week-end-pure-ride\\\/\",\"url\":\"https:\\\/\\\/www.lajarbelle.com\\\/index.php\\\/2022\\\/06\\\/13\\\/week-end-pure-ride\\\/\",\"name\":\"WEEK-END PURE RIDE - La Jarbelle - G\u00eetes et Spa\",\"isPartOf\":{\"@id\":\"https:\\\/\\\/www.lajarbelle.com\\\/#website\"},\"primaryImageOfPage\":{\"@id\":\"https:\\\/\\\/www.lajarbelle.com\\\/index.php\\\/2022\\\/06\\\/13\\\/week-end-pure-ride\\\/#primaryimage\"},\"image\":{\"@id\":\"https:\\\/\\\/www.lajarbelle.com\\\/index.php\\\/2022\\\/06\\\/13\\\/week-end-pure-ride\\\/#primaryimage\"},\"thumbnailUrl\":\"https:\\\/\\\/www.lajarbelle.com\\\/wp-content\\\/uploads\\\/2022\\\/06\\\/pureride2063x1080.jpg\",\"datePublished\":\"2022-06-13T11:07:27+00:00\",\"dateModified\":\"2022-06-13T11:11:05+00:00\",\"description\":\"Venez partager votre passion du VTT les 23 & 24 juillet 2022 pour rouler en compagnie des Ambassad'Orres et Anne-Caroline Chausson et d\u00e9couvrir la descente en vall\u00e9e jusqu'au lac de Serre-Pon\u00e7on !\",\"breadcrumb\":{\"@id\":\"https:\\\/\\\/www.lajarbelle.com\\\/index.php\\\/2022\\\/06\\\/13\\\/week-end-pure-ride\\\/#breadcrumb\"},\"inLanguage\":\"fr-FR\",\"potentialAction\":[{\"@type\":\"ReadAction\",\"target\":[\"https:\\\/\\\/www.lajarbelle.com\\\/index.php\\\/2022\\\/06\\\/13\\\/week-end-pure-ride\\\/\"]}]},{\"@type\":\"ImageObject\",\"inLanguage\":\"fr-FR\",\"@id\":\"https:\\\/\\\/www.lajarbelle.com\\\/index.php\\\/2022\\\/06\\\/13\\\/week-end-pure-ride\\\/#primaryimage\",\"url\":\"https:\\\/\\\/www.lajarbelle.com\\\/wp-content\\\/uploads\\\/2022\\\/06\\\/pureride2063x1080.jpg\",\"contentUrl\":\"https:\\\/\\\/www.lajarbelle.com\\\/wp-content\\\/uploads\\\/2022\\\/06\\\/pureride2063x1080.jpg\",\"width\":2063,\"height\":1080,\"caption\":\"Venez partager votre passion du VTT les 23 & 24 juillet 2022 pour rouler en compagnie des Ambassad'Orres et Anne-Caroline Chausson et d\u00e9couvrir la descente en vall\u00e9e jusqu'au lac de Serre-Pon\u00e7on !\"},{\"@type\":\"BreadcrumbList\",\"@id\":\"https:\\\/\\\/www.lajarbelle.com\\\/index.php\\\/2022\\\/06\\\/13\\\/week-end-pure-ride\\\/#breadcrumb\",\"itemListElement\":[{\"@type\":\"ListItem\",\"position\":1,\"name\":\"Accueil\",\"item\":\"https:\\\/\\\/www.lajarbelle.com\\\/\"},{\"@type\":\"ListItem\",\"position\":2,\"name\":\"WEEK-END PURE RIDE\"}]},{\"@type\":\"WebSite\",\"@id\":\"https:\\\/\\\/www.lajarbelle.com\\\/#website\",\"url\":\"https:\\\/\\\/www.lajarbelle.com\\\/\",\"name\":\"La Jarbelle - G\u00eetes et Spa\",\"description\":\"Le bien-\u00eatre \u00e0 la montagne\",\"publisher\":{\"@id\":\"https:\\\/\\\/www.lajarbelle.com\\\/#organization\"},\"potentialAction\":[{\"@type\":\"SearchAction\",\"target\":{\"@type\":\"EntryPoint\",\"urlTemplate\":\"https:\\\/\\\/www.lajarbelle.com\\\/?s={search_term_string}\"},\"query-input\":{\"@type\":\"PropertyValueSpecification\",\"valueRequired\":true,\"valueName\":\"search_term_string\"}}],\"inLanguage\":\"fr-FR\"},{\"@type\":\"Organization\",\"@id\":\"https:\\\/\\\/www.lajarbelle.com\\\/#organization\",\"name\":\"SAS LA JARBELLE\",\"url\":\"https:\\\/\\\/www.lajarbelle.com\\\/\",\"logo\":{\"@type\":\"ImageObject\",\"inLanguage\":\"fr-FR\",\"@id\":\"https:\\\/\\\/www.lajarbelle.com\\\/#\\\/schema\\\/logo\\\/image\\\/\",\"url\":\"https:\\\/\\\/www.lajarbelle.com\\\/wp-content\\\/uploads\\\/2020\\\/05\\\/icone_lajarbelle.png\",\"contentUrl\":\"https:\\\/\\\/www.lajarbelle.com\\\/wp-content\\\/uploads\\\/2020\\\/05\\\/icone_lajarbelle.png\",\"width\":250,\"height\":250,\"caption\":\"SAS LA JARBELLE\"},\"image\":{\"@id\":\"https:\\\/\\\/www.lajarbelle.com\\\/#\\\/schema\\\/logo\\\/image\\\/\"},\"sameAs\":[\"https:\\\/\\\/www.facebook.com\\\/gitelajarbelle\",\"https:\\\/\\\/x.com\\\/lajarbelle\",\"https:\\\/\\\/instagram.com\\\/gite_lajarbelle\",\"http:\\\/\\\/www.linkedin.com\\\/in\\\/guillaume-plisson-05200\",\"https:\\\/\\\/www.pinterest.fr\\\/lajarbelle\"]},{\"@type\":\"Person\",\"@id\":\"https:\\\/\\\/www.lajarbelle.com\\\/#\\\/schema\\\/person\\\/afa2d71425f6eacce0931f3031f7d80f\",\"name\":\"La jarbelle\",\"image\":{\"@type\":\"ImageObject\",\"inLanguage\":\"fr-FR\",\"@id\":\"https:\\\/\\\/secure.gravatar.com\\\/avatar\\\/3e736281943c32c619f314e14fd361dad3c4e800935c4fe65c9df7cd105cd96c?s=96&d=mm&r=g\",\"url\":\"https:\\\/\\\/secure.gravatar.com\\\/avatar\\\/3e736281943c32c619f314e14fd361dad3c4e800935c4fe65c9df7cd105cd96c?s=96&d=mm&r=g\",\"contentUrl\":\"https:\\\/\\\/secure.gravatar.com\\\/avatar\\\/3e736281943c32c619f314e14fd361dad3c4e800935c4fe65c9df7cd105cd96c?s=96&d=mm&r=g\",\"caption\":\"La jarbelle\"}}]}<\/script>\n<!-- \/ Yoast SEO Premium plugin. -->","yoast_head_json":{"title":"WEEK-END PURE RIDE - La Jarbelle - G\u00eetes et Spa","description":"Venez partager votre passion du VTT les 23 & 24 juillet 2022 pour rouler en compagnie des Ambassad'Orres et Anne-Caroline Chausson et d\u00e9couvrir la descente en vall\u00e9e jusqu'au lac de Serre-Pon\u00e7on !","robots":{"index":"index","follow":"follow","max-snippet":"max-snippet:-1","max-image-preview":"max-image-preview:large","max-video-preview":"max-video-preview:-1"},"canonical":"https:\/\/www.lajarbelle.com\/index.php\/2022\/06\/13\/week-end-pure-ride\/","og_locale":"fr_FR","og_type":"article","og_title":"WEEK-END PURE RIDE","og_description":"Venez partager votre passion du VTT les 23 & 24 juillet 2022 pour rouler en compagnie des Ambassad'Orres et Anne-Caroline Chausson et d\u00e9couvrir la descente en vall\u00e9e jusqu'au lac de Serre-Pon\u00e7on !","og_url":"https:\/\/www.lajarbelle.com\/index.php\/2022\/06\/13\/week-end-pure-ride\/","og_site_name":"La Jarbelle - G\u00eetes et Spa","article_publisher":"https:\/\/www.facebook.com\/gitelajarbelle","article_published_time":"2022-06-13T11:07:27+00:00","article_modified_time":"2022-06-13T11:11:05+00:00","og_image":[{"width":2063,"height":1080,"url":"https:\/\/www.lajarbelle.com\/wp-content\/uploads\/2022\/06\/pureride2063x1080.jpg","type":"image\/jpeg"}],"author":"La jarbelle","twitter_card":"summary_large_image","twitter_description":"Venez partager votre passion du VTT les 23 & 24 juillet 2022 pour rouler en compagnie des Ambassad'Orres et Anne-Caroline Chausson et d\u00e9couvrir la descente en vall\u00e9e jusqu'au lac de Serre-Pon\u00e7on !","twitter_creator":"@lajarbelle","twitter_site":"@lajarbelle","twitter_misc":{"\u00c9crit par":"La jarbelle","Dur\u00e9e de lecture estim\u00e9e":"4 minutes"},"schema":{"@context":"https:\/\/schema.org","@graph":[{"@type":"Article","@id":"https:\/\/www.lajarbelle.com\/index.php\/2022\/06\/13\/week-end-pure-ride\/#article","isPartOf":{"@id":"https:\/\/www.lajarbelle.com\/index.php\/2022\/06\/13\/week-end-pure-ride\/"},"author":{"name":"La jarbelle","@id":"https:\/\/www.lajarbelle.com\/#\/schema\/person\/afa2d71425f6eacce0931f3031f7d80f"},"headline":"WEEK-END PURE RIDE","datePublished":"2022-06-13T11:07:27+00:00","dateModified":"2022-06-13T11:11:05+00:00","mainEntityOfPage":{"@id":"https:\/\/www.lajarbelle.com\/index.php\/2022\/06\/13\/week-end-pure-ride\/"},"wordCount":401,"publisher":{"@id":"https:\/\/www.lajarbelle.com\/#organization"},"image":{"@id":"https:\/\/www.lajarbelle.com\/index.php\/2022\/06\/13\/week-end-pure-ride\/#primaryimage"},"thumbnailUrl":"https:\/\/www.lajarbelle.com\/wp-content\/uploads\/2022\/06\/pureride2063x1080.jpg","articleSection":["Attractions","information g\u00e9n\u00e9rale","Sports \u00e9t\u00e9","Vacances"],"inLanguage":"fr-FR"},{"@type":"WebPage","@id":"https:\/\/www.lajarbelle.com\/index.php\/2022\/06\/13\/week-end-pure-ride\/","url":"https:\/\/www.lajarbelle.com\/index.php\/2022\/06\/13\/week-end-pure-ride\/","name":"WEEK-END PURE RIDE - La Jarbelle - G\u00eetes et Spa","isPartOf":{"@id":"https:\/\/www.lajarbelle.com\/#website"},"primaryImageOfPage":{"@id":"https:\/\/www.lajarbelle.com\/index.php\/2022\/06\/13\/week-end-pure-ride\/#primaryimage"},"image":{"@id":"https:\/\/www.lajarbelle.com\/index.php\/2022\/06\/13\/week-end-pure-ride\/#primaryimage"},"thumbnailUrl":"https:\/\/www.lajarbelle.com\/wp-content\/uploads\/2022\/06\/pureride2063x1080.jpg","datePublished":"2022-06-13T11:07:27+00:00","dateModified":"2022-06-13T11:11:05+00:00","description":"Venez partager votre passion du VTT les 23 & 24 juillet 2022 pour rouler en compagnie des Ambassad'Orres et Anne-Caroline Chausson et d\u00e9couvrir la descente en vall\u00e9e jusqu'au lac de Serre-Pon\u00e7on !","breadcrumb":{"@id":"https:\/\/www.lajarbelle.com\/index.php\/2022\/06\/13\/week-end-pure-ride\/#breadcrumb"},"inLanguage":"fr-FR","potentialAction":[{"@type":"ReadAction","target":["https:\/\/www.lajarbelle.com\/index.php\/2022\/06\/13\/week-end-pure-ride\/"]}]},{"@type":"ImageObject","inLanguage":"fr-FR","@id":"https:\/\/www.lajarbelle.com\/index.php\/2022\/06\/13\/week-end-pure-ride\/#primaryimage","url":"https:\/\/www.lajarbelle.com\/wp-content\/uploads\/2022\/06\/pureride2063x1080.jpg","contentUrl":"https:\/\/www.lajarbelle.com\/wp-content\/uploads\/2022\/06\/pureride2063x1080.jpg","width":2063,"height":1080,"caption":"Venez partager votre passion du VTT les 23 & 24 juillet 2022 pour rouler en compagnie des Ambassad'Orres et Anne-Caroline Chausson et d\u00e9couvrir la descente en vall\u00e9e jusqu'au lac de Serre-Pon\u00e7on !"},{"@type":"BreadcrumbList","@id":"https:\/\/www.lajarbelle.com\/index.php\/2022\/06\/13\/week-end-pure-ride\/#breadcrumb","itemListElement":[{"@type":"ListItem","position":1,"name":"Accueil","item":"https:\/\/www.lajarbelle.com\/"},{"@type":"ListItem","position":2,"name":"WEEK-END PURE RIDE"}]},{"@type":"WebSite","@id":"https:\/\/www.lajarbelle.com\/#website","url":"https:\/\/www.lajarbelle.com\/","name":"La Jarbelle - G\u00eetes et Spa","description":"Le bien-\u00eatre \u00e0 la montagne","publisher":{"@id":"https:\/\/www.lajarbelle.com\/#organization"},"potentialAction":[{"@type":"SearchAction","target":{"@type":"EntryPoint","urlTemplate":"https:\/\/www.lajarbelle.com\/?s={search_term_string}"},"query-input":{"@type":"PropertyValueSpecification","valueRequired":true,"valueName":"search_term_string"}}],"inLanguage":"fr-FR"},{"@type":"Organization","@id":"https:\/\/www.lajarbelle.com\/#organization","name":"SAS LA JARBELLE","url":"https:\/\/www.lajarbelle.com\/","logo":{"@type":"ImageObject","inLanguage":"fr-FR","@id":"https:\/\/www.lajarbelle.com\/#\/schema\/logo\/image\/","url":"https:\/\/www.lajarbelle.com\/wp-content\/uploads\/2020\/05\/icone_lajarbelle.png","contentUrl":"https:\/\/www.lajarbelle.com\/wp-content\/uploads\/2020\/05\/icone_lajarbelle.png","width":250,"height":250,"caption":"SAS LA JARBELLE"},"image":{"@id":"https:\/\/www.lajarbelle.com\/#\/schema\/logo\/image\/"},"sameAs":["https:\/\/www.facebook.com\/gitelajarbelle","https:\/\/x.com\/lajarbelle","https:\/\/instagram.com\/gite_lajarbelle","http:\/\/www.linkedin.com\/in\/guillaume-plisson-05200","https:\/\/www.pinterest.fr\/lajarbelle"]},{"@type":"Person","@id":"https:\/\/www.lajarbelle.com\/#\/schema\/person\/afa2d71425f6eacce0931f3031f7d80f","name":"La jarbelle","image":{"@type":"ImageObject","inLanguage":"fr-FR","@id":"https:\/\/secure.gravatar.com\/avatar\/3e736281943c32c619f314e14fd361dad3c4e800935c4fe65c9df7cd105cd96c?s=96&d=mm&r=g","url":"https:\/\/secure.gravatar.com\/avatar\/3e736281943c32c619f314e14fd361dad3c4e800935c4fe65c9df7cd105cd96c?s=96&d=mm&r=g","contentUrl":"https:\/\/secure.gravatar.com\/avatar\/3e736281943c32c619f314e14fd361dad3c4e800935c4fe65c9df7cd105cd96c?s=96&d=mm&r=g","caption":"La jarbelle"}}]}},"_links":{"self":[{"href":"https:\/\/www.lajarbelle.com\/index.php\/wp-json\/wp\/v2\/posts\/6605","targetHints":{"allow":["GET"]}}],"collection":[{"href":"https:\/\/www.lajarbelle.com\/index.php\/wp-json\/wp\/v2\/posts"}],"about":[{"href":"https:\/\/www.lajarbelle.com\/index.php\/wp-json\/wp\/v2\/types\/post"}],"author":[{"embeddable":true,"href":"https:\/\/www.lajarbelle.com\/index.php\/wp-json\/wp\/v2\/users\/1"}],"replies":[{"embeddable":true,"href":"https:\/\/www.lajarbelle.com\/index.php\/wp-json\/wp\/v2\/comments?post=6605"}],"version-history":[{"count":5,"href":"https:\/\/www.lajarbelle.com\/index.php\/wp-json\/wp\/v2\/posts\/6605\/revisions"}],"predecessor-version":[{"id":6611,"href":"https:\/\/www.lajarbelle.com\/index.php\/wp-json\/wp\/v2\/posts\/6605\/revisions\/6611"}],"wp:featuredmedia":[{"embeddable":true,"href":"https:\/\/www.lajarbelle.com\/index.php\/wp-json\/wp\/v2\/media\/6606"}],"wp:attachment":[{"href":"https:\/\/www.lajarbelle.com\/index.php\/wp-json\/wp\/v2\/media?parent=6605"}],"wp:term":[{"taxonomy":"category","embeddable":true,"href":"https:\/\/www.lajarbelle.com\/index.php\/wp-json\/wp\/v2\/categories?post=6605"},{"taxonomy":"post_tag","embeddable":true,"href":"https:\/\/www.lajarbelle.com\/index.php\/wp-json\/wp\/v2\/tags?post=6605"}],"curies":[{"name":"wp","href":"https:\/\/api.w.org\/{rel}","templated":true}]}}