{"id":6837,"date":"2022-12-10T12:02:41","date_gmt":"2022-12-10T11:02:41","guid":{"rendered":"https:\/\/www.lajarbelle.com\/?p=6837"},"modified":"2022-12-28T08:15:31","modified_gmt":"2022-12-28T07:15:31","slug":"bien-etre-la-jarbelle","status":"publish","type":"post","link":"https:\/\/www.lajarbelle.com\/index.php\/2022\/12\/10\/bien-etre-la-jarbelle\/","title":{"rendered":"SKI, D\u00c9TOX &#038; BIEN-\u00caTRE &#8211; Janvier 2023"},"content":{"rendered":"\t\t<div data-elementor-type=\"wp-post\" data-elementor-id=\"6837\" class=\"elementor elementor-6837\" data-elementor-post-type=\"post\">\n\t\t\t\t<div class=\"elementor-element elementor-element-7c11fab e-flex e-con-boxed e-con e-parent\" data-id=\"7c11fab\" data-element_type=\"container\" data-e-type=\"container\">\n\t\t\t\t\t<div class=\"e-con-inner\">\n\t\t\t\t<div class=\"elementor-element elementor-element-74e09d4 elementor-widget elementor-widget-heading\" data-id=\"74e09d4\" data-element_type=\"widget\" data-e-type=\"widget\" data-widget_type=\"heading.default\">\n\t\t\t\t<div class=\"elementor-widget-container\">\n\t\t\t\t\t<h2 class=\"elementor-heading-title elementor-size-default\">LE FESTIVAL SKI D\u00c9TENTE &amp; BIEN-\u00caTRE de l'Hiver<\/h2>\t\t\t\t<\/div>\n\t\t\t\t<\/div>\n\t\t\t\t\t<\/div>\n\t\t\t\t<\/div>\n\t\t<div class=\"elementor-element elementor-element-643b787 e-flex e-con-boxed e-con e-parent\" data-id=\"643b787\" data-element_type=\"container\" data-e-type=\"container\">\n\t\t\t\t\t<div class=\"e-con-inner\">\n\t\t\t\t<div class=\"elementor-element elementor-element-026f948 elementor-widget elementor-widget-text-editor\" data-id=\"026f948\" data-element_type=\"widget\" data-e-type=\"widget\" data-widget_type=\"text-editor.default\">\n\t\t\t\t<div class=\"elementor-widget-container\">\n\t\t\t\t\t\t\t\t\t<p>Du\u00a0<strong>10 au 12 janvier 2023<\/strong>, placez votre s\u00e9jour aux Orres sous le signe du\u00a0<strong>bien-\u00eatre et de la d\u00e9tente<\/strong>\u00a0! La station des Orres vous propose 3 jours pour vous ressourcer et bien d\u00e9buter l&rsquo;ann\u00e9e 2023 durant la 2<sup>e<\/sup>\u00a0\u00e9dition du Festival \u00ab\u00a0Ski, d\u00e9tox &amp; bien-\u00eatre\u00a0\u00bb !<\/p>\t\t\t\t\t\t\t\t<\/div>\n\t\t\t\t<\/div>\n\t\t\t\t\t<\/div>\n\t\t\t\t<\/div>\n\t\t<div class=\"elementor-element elementor-element-3fe0c83 e-flex e-con-boxed e-con e-parent\" data-id=\"3fe0c83\" data-element_type=\"container\" data-e-type=\"container\">\n\t\t\t\t\t<div class=\"e-con-inner\">\n\t\t\t\t<div class=\"elementor-element elementor-element-9e14d61 elementor-headline--style-highlight elementor-invisible elementor-widget elementor-widget-animated-headline\" data-id=\"9e14d61\" data-element_type=\"widget\" data-e-type=\"widget\" data-settings=\"{&quot;highlighted_text&quot;:&quot;R\\u00e9servez votre s\\u00e9jour&quot;,&quot;_animation&quot;:&quot;fadeIn&quot;,&quot;headline_style&quot;:&quot;highlight&quot;,&quot;marker&quot;:&quot;circle&quot;,&quot;loop&quot;:&quot;yes&quot;,&quot;highlight_animation_duration&quot;:1200,&quot;highlight_iteration_delay&quot;:8000}\" data-widget_type=\"animated-headline.default\">\n\t\t\t\t<div class=\"elementor-widget-container\">\n\t\t\t\t\t\t\t\t<a href=\"https:\/\/reservation.v2.ke-booking.com\/acc\/show?pid=P6402459&#038;krc=98defd6ee70dfb1dea416cecdf391f58&#038;tok=P2df4a188ffa5eeeda87bda64&#038;lang=fr&#038;nba=2&#038;nbk=0&#038;nbb=0&#038;db=2022-12-10\">\n\n\t\t\t\t\t<h3 class=\"elementor-headline\">\n\t\t\t\t<span class=\"elementor-headline-dynamic-wrapper elementor-headline-text-wrapper\">\n\t\t\t\t\t<span class=\"elementor-headline-dynamic-text elementor-headline-text-active\">R\u00e9servez votre s\u00e9jour<\/span>\n\t\t\t\t<\/span>\n\t\t\t\t<\/h3>\n\t\t<\/a>\t\t\t\t<\/div>\n\t\t\t\t<\/div>\n\t\t\t\t\t<\/div>\n\t\t\t\t<\/div>\n\t\t<div class=\"elementor-element elementor-element-19d6e7a e-flex e-con-boxed e-con e-parent\" data-id=\"19d6e7a\" data-element_type=\"container\" data-e-type=\"container\">\n\t\t\t\t\t<div class=\"e-con-inner\">\n\t\t\t\t<div class=\"elementor-element elementor-element-2ea7e82 elementor-widget elementor-widget-image\" data-id=\"2ea7e82\" data-element_type=\"widget\" data-e-type=\"widget\" data-widget_type=\"image.default\">\n\t\t\t\t<div class=\"elementor-widget-container\">\n\t\t\t\t\t\t\t\t\t\t\t\t\t\t\t<img fetchpriority=\"high\" decoding=\"async\" width=\"768\" height=\"323\" src=\"https:\/\/www.lajarbelle.com\/wp-content\/uploads\/2022\/12\/festival-ski-detox01-1024x431.jpg\" class=\"attachment-large size-large wp-image-6841\" alt=\"3 jours pour RESPIRER, SE D\u00c9TENDRE, SE RESSOURCER\" srcset=\"https:\/\/www.lajarbelle.com\/wp-content\/uploads\/2022\/12\/festival-ski-detox01-1024x431.jpg 1024w, https:\/\/www.lajarbelle.com\/wp-content\/uploads\/2022\/12\/festival-ski-detox01-300x126.jpg 300w, https:\/\/www.lajarbelle.com\/wp-content\/uploads\/2022\/12\/festival-ski-detox01-768x323.jpg 768w, https:\/\/www.lajarbelle.com\/wp-content\/uploads\/2022\/12\/festival-ski-detox01-1536x647.jpg 1536w, https:\/\/www.lajarbelle.com\/wp-content\/uploads\/2022\/12\/festival-ski-detox01-18x8.jpg 18w, https:\/\/www.lajarbelle.com\/wp-content\/uploads\/2022\/12\/festival-ski-detox01.jpg 1900w\" sizes=\"(max-width: 768px) 100vw, 768px\" \/>\t\t\t\t\t\t\t\t\t\t\t\t\t\t\t<\/div>\n\t\t\t\t<\/div>\n\t\t\t\t\t<\/div>\n\t\t\t\t<\/div>\n\t\t<div class=\"elementor-element elementor-element-724bd58 e-flex e-con-boxed e-con e-parent\" data-id=\"724bd58\" data-element_type=\"container\" data-e-type=\"container\">\n\t\t\t\t\t<div class=\"e-con-inner\">\n\t\t\t\t<div class=\"elementor-element elementor-element-9d75a69 elementor-drop-cap-yes elementor-widget__width-initial elementor-absolute elementor-hidden-mobile elementor-drop-cap-view-default elementor-widget elementor-widget-text-editor\" data-id=\"9d75a69\" data-element_type=\"widget\" data-e-type=\"widget\" data-settings=\"{&quot;drop_cap&quot;:&quot;yes&quot;,&quot;_position&quot;:&quot;absolute&quot;}\" data-widget_type=\"text-editor.default\">\n\t\t\t\t<div class=\"elementor-widget-container\">\n\t\t\t\t\t\t\t\t\t<h3><span style=\"color: #ffffff;\"><br \/>3 jours pour<\/span><br \/><span style=\"color: #ffffff;\">RESPIRER, SE D\u00c9TENDRE, SE RESSOURCER<br \/><br \/><\/span><\/h3>\t\t\t\t\t\t\t\t<\/div>\n\t\t\t\t<\/div>\n\t\t\t\t\t<\/div>\n\t\t\t\t<\/div>\n\t\t<div class=\"elementor-element elementor-element-17cd547 e-flex e-con-boxed e-con e-parent\" data-id=\"17cd547\" data-element_type=\"container\" data-e-type=\"container\">\n\t\t\t\t\t<div class=\"e-con-inner\">\n\t\t\t\t<div class=\"elementor-element elementor-element-46f32ec elementor-widget elementor-widget-text-editor\" data-id=\"46f32ec\" data-element_type=\"widget\" data-e-type=\"widget\" data-widget_type=\"text-editor.default\">\n\t\t\t\t<div class=\"elementor-widget-container\">\n\t\t\t\t\t\t\t\t\t<h3 class=\"title-uncenter\"><span class=\"color-dark\">Ce qui vous attend :<\/span>\u00a0<strong>3 JOURS DE D\u00c9TOX<\/strong><\/h3>\t\t\t\t\t\t\t\t<\/div>\n\t\t\t\t<\/div>\n\t\t\t\t\t<\/div>\n\t\t\t\t<\/div>\n\t\t<div class=\"elementor-element elementor-element-5b8ab20 e-flex e-con-boxed e-con e-parent\" data-id=\"5b8ab20\" data-element_type=\"container\" data-e-type=\"container\">\n\t\t\t\t\t<div class=\"e-con-inner\">\n\t\t\t\t<div class=\"elementor-element elementor-element-fe28071 elementor-widget elementor-widget-toggle\" data-id=\"fe28071\" data-element_type=\"widget\" data-e-type=\"widget\" data-widget_type=\"toggle.default\">\n\t\t\t\t<div class=\"elementor-widget-container\">\n\t\t\t\t\t\t\t<div class=\"elementor-toggle\">\n\t\t\t\t\t\t\t<div class=\"elementor-toggle-item\">\n\t\t\t\t\t<div id=\"elementor-tab-title-2661\" class=\"elementor-tab-title\" data-tab=\"1\" role=\"button\" aria-controls=\"elementor-tab-content-2661\" aria-expanded=\"false\">\n\t\t\t\t\t\t\t\t\t\t\t\t<span class=\"elementor-toggle-icon elementor-toggle-icon-left\" aria-hidden=\"true\">\n\t\t\t\t\t\t\t\t\t\t\t\t\t\t\t<span class=\"elementor-toggle-icon-closed\"><svg class=\"e-font-icon-svg e-fas-caret-right\" viewBox=\"0 0 192 512\" xmlns=\"http:\/\/www.w3.org\/2000\/svg\"><path d=\"M0 384.662V127.338c0-17.818 21.543-26.741 34.142-14.142l128.662 128.662c7.81 7.81 7.81 20.474 0 28.284L34.142 398.804C21.543 411.404 0 402.48 0 384.662z\"><\/path><\/svg><\/span>\n\t\t\t\t\t\t\t\t<span class=\"elementor-toggle-icon-opened\"><svg class=\"elementor-toggle-icon-opened e-font-icon-svg e-fas-caret-up\" viewBox=\"0 0 320 512\" xmlns=\"http:\/\/www.w3.org\/2000\/svg\"><path d=\"M288.662 352H31.338c-17.818 0-26.741-21.543-14.142-34.142l128.662-128.662c7.81-7.81 20.474-7.81 28.284 0l128.662 128.662c12.6 12.599 3.676 34.142-14.142 34.142z\"><\/path><\/svg><\/span>\n\t\t\t\t\t\t\t\t\t\t\t\t\t<\/span>\n\t\t\t\t\t\t\t\t\t\t\t\t<a class=\"elementor-toggle-title\" tabindex=\"0\">Du fitness<\/a>\n\t\t\t\t\t<\/div>\n\n\t\t\t\t\t<div id=\"elementor-tab-content-2661\" class=\"elementor-tab-content elementor-clearfix\" data-tab=\"1\" role=\"region\" aria-labelledby=\"elementor-tab-title-2661\"><p>Mobilit\u00e9, \u00e9quilibre, respiration tout en douceur<\/p><\/div>\n\t\t\t\t<\/div>\n\t\t\t\t\t\t\t<div class=\"elementor-toggle-item\">\n\t\t\t\t\t<div id=\"elementor-tab-title-2662\" class=\"elementor-tab-title\" data-tab=\"2\" role=\"button\" aria-controls=\"elementor-tab-content-2662\" aria-expanded=\"false\">\n\t\t\t\t\t\t\t\t\t\t\t\t<span class=\"elementor-toggle-icon elementor-toggle-icon-left\" aria-hidden=\"true\">\n\t\t\t\t\t\t\t\t\t\t\t\t\t\t\t<span class=\"elementor-toggle-icon-closed\"><svg class=\"e-font-icon-svg e-fas-caret-right\" viewBox=\"0 0 192 512\" xmlns=\"http:\/\/www.w3.org\/2000\/svg\"><path d=\"M0 384.662V127.338c0-17.818 21.543-26.741 34.142-14.142l128.662 128.662c7.81 7.81 7.81 20.474 0 28.284L34.142 398.804C21.543 411.404 0 402.48 0 384.662z\"><\/path><\/svg><\/span>\n\t\t\t\t\t\t\t\t<span class=\"elementor-toggle-icon-opened\"><svg class=\"elementor-toggle-icon-opened e-font-icon-svg e-fas-caret-up\" viewBox=\"0 0 320 512\" xmlns=\"http:\/\/www.w3.org\/2000\/svg\"><path d=\"M288.662 352H31.338c-17.818 0-26.741-21.543-14.142-34.142l128.662-128.662c7.81-7.81 20.474-7.81 28.284 0l128.662 128.662c12.6 12.599 3.676 34.142-14.142 34.142z\"><\/path><\/svg><\/span>\n\t\t\t\t\t\t\t\t\t\t\t\t\t<\/span>\n\t\t\t\t\t\t\t\t\t\t\t\t<a class=\"elementor-toggle-title\" tabindex=\"0\">Des ateliers \"Expression de soi\"<\/a>\n\t\t\t\t\t<\/div>\n\n\t\t\t\t\t<div id=\"elementor-tab-content-2662\" class=\"elementor-tab-content elementor-clearfix\" data-tab=\"2\" role=\"region\" aria-labelledby=\"elementor-tab-title-2662\"><p>Voyage sonore et expression corporelle. Les tambours chamaniques sont l&rsquo;expression unique du c\u0153ur de chacun, selon les traditions ils repr\u00e9senteraient le c\u0153ur de la terre. Connect\u00e9 \u00e0 votre nature int\u00e9rieure, vous exprimerez le meilleur de vous m\u00eame. Des outils simples et efficaces pour g\u00e9rer les relations du quotidien, la relation entre le son et l&rsquo;image au travers d&rsquo;un atelier sonore suivi d&rsquo;un atelier d&rsquo;expression corporel.<\/p><\/div>\n\t\t\t\t<\/div>\n\t\t\t\t\t\t\t<div class=\"elementor-toggle-item\">\n\t\t\t\t\t<div id=\"elementor-tab-title-2663\" class=\"elementor-tab-title\" data-tab=\"3\" role=\"button\" aria-controls=\"elementor-tab-content-2663\" aria-expanded=\"false\">\n\t\t\t\t\t\t\t\t\t\t\t\t<span class=\"elementor-toggle-icon elementor-toggle-icon-left\" aria-hidden=\"true\">\n\t\t\t\t\t\t\t\t\t\t\t\t\t\t\t<span class=\"elementor-toggle-icon-closed\"><svg class=\"e-font-icon-svg e-fas-caret-right\" viewBox=\"0 0 192 512\" xmlns=\"http:\/\/www.w3.org\/2000\/svg\"><path d=\"M0 384.662V127.338c0-17.818 21.543-26.741 34.142-14.142l128.662 128.662c7.81 7.81 7.81 20.474 0 28.284L34.142 398.804C21.543 411.404 0 402.48 0 384.662z\"><\/path><\/svg><\/span>\n\t\t\t\t\t\t\t\t<span class=\"elementor-toggle-icon-opened\"><svg class=\"elementor-toggle-icon-opened e-font-icon-svg e-fas-caret-up\" viewBox=\"0 0 320 512\" xmlns=\"http:\/\/www.w3.org\/2000\/svg\"><path d=\"M288.662 352H31.338c-17.818 0-26.741-21.543-14.142-34.142l128.662-128.662c7.81-7.81 20.474-7.81 28.284 0l128.662 128.662c12.6 12.599 3.676 34.142-14.142 34.142z\"><\/path><\/svg><\/span>\n\t\t\t\t\t\t\t\t\t\t\t\t\t<\/span>\n\t\t\t\t\t\t\t\t\t\t\t\t<a class=\"elementor-toggle-title\" tabindex=\"0\">De la sophrologie<\/a>\n\t\t\t\t\t<\/div>\n\n\t\t\t\t\t<div id=\"elementor-tab-content-2663\" class=\"elementor-tab-content elementor-clearfix\" data-tab=\"3\" role=\"region\" aria-labelledby=\"elementor-tab-title-2663\"><p>Pour faire face \u00e0 toutes les situations du quotidien, nous mettons notre corps et notre \u00ab t\u00eate \u00bb \u00e0 rude \u00e9preuve. La sophrologie vous permettra de vous familiariser avec quelques exercices qui vous apporteront un rel\u00e2chement physique et mental.<\/p><\/div>\n\t\t\t\t<\/div>\n\t\t\t\t\t\t\t<div class=\"elementor-toggle-item\">\n\t\t\t\t\t<div id=\"elementor-tab-title-2664\" class=\"elementor-tab-title\" data-tab=\"4\" role=\"button\" aria-controls=\"elementor-tab-content-2664\" aria-expanded=\"false\">\n\t\t\t\t\t\t\t\t\t\t\t\t<span class=\"elementor-toggle-icon elementor-toggle-icon-left\" aria-hidden=\"true\">\n\t\t\t\t\t\t\t\t\t\t\t\t\t\t\t<span class=\"elementor-toggle-icon-closed\"><svg class=\"e-font-icon-svg e-fas-caret-right\" viewBox=\"0 0 192 512\" xmlns=\"http:\/\/www.w3.org\/2000\/svg\"><path d=\"M0 384.662V127.338c0-17.818 21.543-26.741 34.142-14.142l128.662 128.662c7.81 7.81 7.81 20.474 0 28.284L34.142 398.804C21.543 411.404 0 402.48 0 384.662z\"><\/path><\/svg><\/span>\n\t\t\t\t\t\t\t\t<span class=\"elementor-toggle-icon-opened\"><svg class=\"elementor-toggle-icon-opened e-font-icon-svg e-fas-caret-up\" viewBox=\"0 0 320 512\" xmlns=\"http:\/\/www.w3.org\/2000\/svg\"><path d=\"M288.662 352H31.338c-17.818 0-26.741-21.543-14.142-34.142l128.662-128.662c7.81-7.81 20.474-7.81 28.284 0l128.662 128.662c12.6 12.599 3.676 34.142-14.142 34.142z\"><\/path><\/svg><\/span>\n\t\t\t\t\t\t\t\t\t\t\t\t\t<\/span>\n\t\t\t\t\t\t\t\t\t\t\t\t<a class=\"elementor-toggle-title\" tabindex=\"0\">Des randonn\u00e9es dans la nature<\/a>\n\t\t\t\t\t<\/div>\n\n\t\t\t\t\t<div id=\"elementor-tab-content-2664\" class=\"elementor-tab-content elementor-clearfix\" data-tab=\"4\" role=\"region\" aria-labelledby=\"elementor-tab-title-2664\"><p>Observation et d\u00e9couverte de l&rsquo;incroyable adaptation de la faune \u00e0 l&rsquo;hiver, et comment s&rsquo;en inspirer pour soi-m\u00eame.<\/p><\/div>\n\t\t\t\t<\/div>\n\t\t\t\t\t\t\t<div class=\"elementor-toggle-item\">\n\t\t\t\t\t<div id=\"elementor-tab-title-2665\" class=\"elementor-tab-title\" data-tab=\"5\" role=\"button\" aria-controls=\"elementor-tab-content-2665\" aria-expanded=\"false\">\n\t\t\t\t\t\t\t\t\t\t\t\t<span class=\"elementor-toggle-icon elementor-toggle-icon-left\" aria-hidden=\"true\">\n\t\t\t\t\t\t\t\t\t\t\t\t\t\t\t<span class=\"elementor-toggle-icon-closed\"><svg class=\"e-font-icon-svg e-fas-caret-right\" viewBox=\"0 0 192 512\" xmlns=\"http:\/\/www.w3.org\/2000\/svg\"><path d=\"M0 384.662V127.338c0-17.818 21.543-26.741 34.142-14.142l128.662 128.662c7.81 7.81 7.81 20.474 0 28.284L34.142 398.804C21.543 411.404 0 402.48 0 384.662z\"><\/path><\/svg><\/span>\n\t\t\t\t\t\t\t\t<span class=\"elementor-toggle-icon-opened\"><svg class=\"elementor-toggle-icon-opened e-font-icon-svg e-fas-caret-up\" viewBox=\"0 0 320 512\" xmlns=\"http:\/\/www.w3.org\/2000\/svg\"><path d=\"M288.662 352H31.338c-17.818 0-26.741-21.543-14.142-34.142l128.662-128.662c7.81-7.81 20.474-7.81 28.284 0l128.662 128.662c12.6 12.599 3.676 34.142-14.142 34.142z\"><\/path><\/svg><\/span>\n\t\t\t\t\t\t\t\t\t\t\t\t\t<\/span>\n\t\t\t\t\t\t\t\t\t\t\t\t<a class=\"elementor-toggle-title\" tabindex=\"0\">Des ateliers de fabrication d'huile essentielle<\/a>\n\t\t\t\t\t<\/div>\n\n\t\t\t\t\t<div id=\"elementor-tab-content-2665\" class=\"elementor-tab-content elementor-clearfix\" data-tab=\"5\" role=\"region\" aria-labelledby=\"elementor-tab-title-2665\"><p>Participez avec vos 5 sens, (parfum, son, image, plante, recette) \u00e0 la fabuleuse cr\u00e9ation des parfums d\u2019arbres de la for\u00eat des Orres.<\/p><\/div>\n\t\t\t\t<\/div>\n\t\t\t\t\t\t\t<div class=\"elementor-toggle-item\">\n\t\t\t\t\t<div id=\"elementor-tab-title-2666\" class=\"elementor-tab-title\" data-tab=\"6\" role=\"button\" aria-controls=\"elementor-tab-content-2666\" aria-expanded=\"false\">\n\t\t\t\t\t\t\t\t\t\t\t\t<span class=\"elementor-toggle-icon elementor-toggle-icon-left\" aria-hidden=\"true\">\n\t\t\t\t\t\t\t\t\t\t\t\t\t\t\t<span class=\"elementor-toggle-icon-closed\"><svg class=\"e-font-icon-svg e-fas-caret-right\" viewBox=\"0 0 192 512\" xmlns=\"http:\/\/www.w3.org\/2000\/svg\"><path d=\"M0 384.662V127.338c0-17.818 21.543-26.741 34.142-14.142l128.662 128.662c7.81 7.81 7.81 20.474 0 28.284L34.142 398.804C21.543 411.404 0 402.48 0 384.662z\"><\/path><\/svg><\/span>\n\t\t\t\t\t\t\t\t<span class=\"elementor-toggle-icon-opened\"><svg class=\"elementor-toggle-icon-opened e-font-icon-svg e-fas-caret-up\" viewBox=\"0 0 320 512\" xmlns=\"http:\/\/www.w3.org\/2000\/svg\"><path d=\"M288.662 352H31.338c-17.818 0-26.741-21.543-14.142-34.142l128.662-128.662c7.81-7.81 20.474-7.81 28.284 0l128.662 128.662c12.6 12.599 3.676 34.142-14.142 34.142z\"><\/path><\/svg><\/span>\n\t\t\t\t\t\t\t\t\t\t\t\t\t<\/span>\n\t\t\t\t\t\t\t\t\t\t\t\t<a class=\"elementor-toggle-title\" tabindex=\"0\">Du pilate<\/a>\n\t\t\t\t\t<\/div>\n\n\t\t\t\t\t<div id=\"elementor-tab-content-2666\" class=\"elementor-tab-content elementor-clearfix\" data-tab=\"6\" role=\"region\" aria-labelledby=\"elementor-tab-title-2666\"><p>Cours avec encha\u00eenement d\u2019exercices ludiques reprenant les principes Pilates. Tout le corps est travaill\u00e9 en douceur. Respiration, fluidit\u00e9, mouvement.<\/p><\/div>\n\t\t\t\t<\/div>\n\t\t\t\t\t\t\t<div class=\"elementor-toggle-item\">\n\t\t\t\t\t<div id=\"elementor-tab-title-2667\" class=\"elementor-tab-title\" data-tab=\"7\" role=\"button\" aria-controls=\"elementor-tab-content-2667\" aria-expanded=\"false\">\n\t\t\t\t\t\t\t\t\t\t\t\t<span class=\"elementor-toggle-icon elementor-toggle-icon-left\" aria-hidden=\"true\">\n\t\t\t\t\t\t\t\t\t\t\t\t\t\t\t<span class=\"elementor-toggle-icon-closed\"><svg class=\"e-font-icon-svg e-fas-caret-right\" viewBox=\"0 0 192 512\" xmlns=\"http:\/\/www.w3.org\/2000\/svg\"><path d=\"M0 384.662V127.338c0-17.818 21.543-26.741 34.142-14.142l128.662 128.662c7.81 7.81 7.81 20.474 0 28.284L34.142 398.804C21.543 411.404 0 402.48 0 384.662z\"><\/path><\/svg><\/span>\n\t\t\t\t\t\t\t\t<span class=\"elementor-toggle-icon-opened\"><svg class=\"elementor-toggle-icon-opened e-font-icon-svg e-fas-caret-up\" viewBox=\"0 0 320 512\" xmlns=\"http:\/\/www.w3.org\/2000\/svg\"><path d=\"M288.662 352H31.338c-17.818 0-26.741-21.543-14.142-34.142l128.662-128.662c7.81-7.81 20.474-7.81 28.284 0l128.662 128.662c12.6 12.599 3.676 34.142-14.142 34.142z\"><\/path><\/svg><\/span>\n\t\t\t\t\t\t\t\t\t\t\t\t\t<\/span>\n\t\t\t\t\t\t\t\t\t\t\t\t<a class=\"elementor-toggle-title\" tabindex=\"0\">De la m\u00e9ditation pleine conscience et yoga nidra<\/a>\n\t\t\t\t\t<\/div>\n\n\t\t\t\t\t<div id=\"elementor-tab-content-2667\" class=\"elementor-tab-content elementor-clearfix\" data-tab=\"7\" role=\"region\" aria-labelledby=\"elementor-tab-title-2667\"><p>S\u00e9ance d&rsquo;initiation \u00e0 la m\u00e9ditation pleine conscience et au yoga nidra. Cette pratique adapt\u00e9e \u00e0 tous permet de d\u00e9velopper pr\u00e9sence et \u00e9coute en favorisant une d\u00e9tente profonde. Les tensions physiques et mentales sont rel\u00e2ch\u00e9es. La pratique de la pleine conscience du corps et du souffle est un outil de connexion \u00e0 soi-m\u00eame et aux autres. Ainsi nous sommes plus calmes et plus pr\u00e9sents.<\/p><\/div>\n\t\t\t\t<\/div>\n\t\t\t\t\t\t\t\t<\/div>\n\t\t\t\t\t\t<\/div>\n\t\t\t\t<\/div>\n\t\t\t\t\t<\/div>\n\t\t\t\t<\/div>\n\t\t<div class=\"elementor-element elementor-element-2075af7 e-flex e-con-boxed e-con e-parent\" data-id=\"2075af7\" data-element_type=\"container\" data-e-type=\"container\">\n\t\t\t\t\t<div class=\"e-con-inner\">\n\t\t\t\t<div class=\"elementor-element elementor-element-be60186 elementor-widget elementor-widget-gallery\" data-id=\"be60186\" data-element_type=\"widget\" data-e-type=\"widget\" data-settings=\"{&quot;columns&quot;:3,&quot;gap&quot;:{&quot;unit&quot;:&quot;px&quot;,&quot;size&quot;:14,&quot;sizes&quot;:[]},&quot;image_hover_animation&quot;:&quot;grow&quot;,&quot;lazyload&quot;:&quot;yes&quot;,&quot;gallery_layout&quot;:&quot;grid&quot;,&quot;columns_tablet&quot;:2,&quot;columns_mobile&quot;:1,&quot;gap_tablet&quot;:{&quot;unit&quot;:&quot;px&quot;,&quot;size&quot;:10,&quot;sizes&quot;:[]},&quot;gap_mobile&quot;:{&quot;unit&quot;:&quot;px&quot;,&quot;size&quot;:10,&quot;sizes&quot;:[]},&quot;link_to&quot;:&quot;file&quot;,&quot;aspect_ratio&quot;:&quot;3:2&quot;,&quot;overlay_background&quot;:&quot;yes&quot;,&quot;content_hover_animation&quot;:&quot;fade-in&quot;}\" data-widget_type=\"gallery.default\">\n\t\t\t\t<div class=\"elementor-widget-container\">\n\t\t\t\t\t\t\t<div class=\"elementor-gallery__container\">\n\t\t\t\t\t\t\t<a class=\"e-gallery-item elementor-gallery-item elementor-animated-content\" href=\"https:\/\/www.lajarbelle.com\/wp-content\/uploads\/2022\/12\/festivaldetoxhiver01.png\" data-elementor-open-lightbox=\"yes\" data-elementor-lightbox-slideshow=\"be60186\" data-elementor-lightbox-title=\"festivaldetoxhiver01\" data-e-action-hash=\"#elementor-action%3Aaction%3Dlightbox%26settings%3DeyJpZCI6Njg1MSwidXJsIjoiaHR0cHM6XC9cL3d3dy5sYWphcmJlbGxlLmNvbVwvd3AtY29udGVudFwvdXBsb2Fkc1wvMjAyMlwvMTJcL2Zlc3RpdmFsZGV0b3hoaXZlcjAxLnBuZyIsInNsaWRlc2hvdyI6ImJlNjAxODYifQ%3D%3D\">\n\t\t\t\t\t<div class=\"e-gallery-image elementor-gallery-item__image\" data-thumbnail=\"https:\/\/www.lajarbelle.com\/wp-content\/uploads\/2022\/12\/festivaldetoxhiver01-300x171.png\" data-width=\"300\" data-height=\"171\" aria-label=\"\" role=\"img\" ><\/div>\n\t\t\t\t\t\t\t\t\t\t\t<div class=\"elementor-gallery-item__overlay\"><\/div>\n\t\t\t\t\t\t\t\t\t\t\t\t\t\t<\/a>\n\t\t\t\t\t\t\t<a class=\"e-gallery-item elementor-gallery-item elementor-animated-content\" href=\"https:\/\/www.lajarbelle.com\/wp-content\/uploads\/2022\/12\/festivaldetoxhiver02.png\" data-elementor-open-lightbox=\"yes\" data-elementor-lightbox-slideshow=\"be60186\" data-elementor-lightbox-title=\"festivaldetoxhiver02\" data-e-action-hash=\"#elementor-action%3Aaction%3Dlightbox%26settings%3DeyJpZCI6Njg1MiwidXJsIjoiaHR0cHM6XC9cL3d3dy5sYWphcmJlbGxlLmNvbVwvd3AtY29udGVudFwvdXBsb2Fkc1wvMjAyMlwvMTJcL2Zlc3RpdmFsZGV0b3hoaXZlcjAyLnBuZyIsInNsaWRlc2hvdyI6ImJlNjAxODYifQ%3D%3D\">\n\t\t\t\t\t<div class=\"e-gallery-image elementor-gallery-item__image\" data-thumbnail=\"https:\/\/www.lajarbelle.com\/wp-content\/uploads\/2022\/12\/festivaldetoxhiver02-300x171.png\" data-width=\"300\" data-height=\"171\" aria-label=\"\" role=\"img\" ><\/div>\n\t\t\t\t\t\t\t\t\t\t\t<div class=\"elementor-gallery-item__overlay\"><\/div>\n\t\t\t\t\t\t\t\t\t\t\t\t\t\t<\/a>\n\t\t\t\t\t\t\t<a class=\"e-gallery-item elementor-gallery-item elementor-animated-content\" href=\"https:\/\/www.lajarbelle.com\/wp-content\/uploads\/2022\/12\/festivaldetoxhiver03.png\" data-elementor-open-lightbox=\"yes\" data-elementor-lightbox-slideshow=\"be60186\" data-elementor-lightbox-title=\"festivaldetoxhiver03\" data-e-action-hash=\"#elementor-action%3Aaction%3Dlightbox%26settings%3DeyJpZCI6Njg1MywidXJsIjoiaHR0cHM6XC9cL3d3dy5sYWphcmJlbGxlLmNvbVwvd3AtY29udGVudFwvdXBsb2Fkc1wvMjAyMlwvMTJcL2Zlc3RpdmFsZGV0b3hoaXZlcjAzLnBuZyIsInNsaWRlc2hvdyI6ImJlNjAxODYifQ%3D%3D\">\n\t\t\t\t\t<div class=\"e-gallery-image elementor-gallery-item__image\" data-thumbnail=\"https:\/\/www.lajarbelle.com\/wp-content\/uploads\/2022\/12\/festivaldetoxhiver03-300x171.png\" data-width=\"300\" data-height=\"171\" aria-label=\"\" role=\"img\" ><\/div>\n\t\t\t\t\t\t\t\t\t\t\t<div class=\"elementor-gallery-item__overlay\"><\/div>\n\t\t\t\t\t\t\t\t\t\t\t\t\t\t<\/a>\n\t\t\t\t\t\t\t<a class=\"e-gallery-item elementor-gallery-item elementor-animated-content\" href=\"https:\/\/www.lajarbelle.com\/wp-content\/uploads\/2022\/12\/festivaldetoxhiver04.png\" data-elementor-open-lightbox=\"yes\" data-elementor-lightbox-slideshow=\"be60186\" data-elementor-lightbox-title=\"festivaldetoxhiver04\" data-e-action-hash=\"#elementor-action%3Aaction%3Dlightbox%26settings%3DeyJpZCI6Njg1NCwidXJsIjoiaHR0cHM6XC9cL3d3dy5sYWphcmJlbGxlLmNvbVwvd3AtY29udGVudFwvdXBsb2Fkc1wvMjAyMlwvMTJcL2Zlc3RpdmFsZGV0b3hoaXZlcjA0LnBuZyIsInNsaWRlc2hvdyI6ImJlNjAxODYifQ%3D%3D\">\n\t\t\t\t\t<div class=\"e-gallery-image elementor-gallery-item__image\" data-thumbnail=\"https:\/\/www.lajarbelle.com\/wp-content\/uploads\/2022\/12\/festivaldetoxhiver04-300x171.png\" data-width=\"300\" data-height=\"171\" aria-label=\"\" role=\"img\" ><\/div>\n\t\t\t\t\t\t\t\t\t\t\t<div class=\"elementor-gallery-item__overlay\"><\/div>\n\t\t\t\t\t\t\t\t\t\t\t\t\t\t<\/a>\n\t\t\t\t\t\t\t<a class=\"e-gallery-item elementor-gallery-item elementor-animated-content\" href=\"https:\/\/www.lajarbelle.com\/wp-content\/uploads\/2022\/12\/festivaldetoxhiver05.png\" data-elementor-open-lightbox=\"yes\" data-elementor-lightbox-slideshow=\"be60186\" data-elementor-lightbox-title=\"festivaldetoxhiver05\" data-e-action-hash=\"#elementor-action%3Aaction%3Dlightbox%26settings%3DeyJpZCI6Njg1NSwidXJsIjoiaHR0cHM6XC9cL3d3dy5sYWphcmJlbGxlLmNvbVwvd3AtY29udGVudFwvdXBsb2Fkc1wvMjAyMlwvMTJcL2Zlc3RpdmFsZGV0b3hoaXZlcjA1LnBuZyIsInNsaWRlc2hvdyI6ImJlNjAxODYifQ%3D%3D\">\n\t\t\t\t\t<div class=\"e-gallery-image elementor-gallery-item__image\" data-thumbnail=\"https:\/\/www.lajarbelle.com\/wp-content\/uploads\/2022\/12\/festivaldetoxhiver05-300x171.png\" data-width=\"300\" data-height=\"171\" aria-label=\"\" role=\"img\" ><\/div>\n\t\t\t\t\t\t\t\t\t\t\t<div class=\"elementor-gallery-item__overlay\"><\/div>\n\t\t\t\t\t\t\t\t\t\t\t\t\t\t<\/a>\n\t\t\t\t\t\t\t<a class=\"e-gallery-item elementor-gallery-item elementor-animated-content\" href=\"https:\/\/www.lajarbelle.com\/wp-content\/uploads\/2022\/12\/festivaldetoxhiver06.png\" data-elementor-open-lightbox=\"yes\" data-elementor-lightbox-slideshow=\"be60186\" data-elementor-lightbox-title=\"festivaldetoxhiver06\" data-e-action-hash=\"#elementor-action%3Aaction%3Dlightbox%26settings%3DeyJpZCI6Njg1NiwidXJsIjoiaHR0cHM6XC9cL3d3dy5sYWphcmJlbGxlLmNvbVwvd3AtY29udGVudFwvdXBsb2Fkc1wvMjAyMlwvMTJcL2Zlc3RpdmFsZGV0b3hoaXZlcjA2LnBuZyIsInNsaWRlc2hvdyI6ImJlNjAxODYifQ%3D%3D\">\n\t\t\t\t\t<div class=\"e-gallery-image elementor-gallery-item__image\" data-thumbnail=\"https:\/\/www.lajarbelle.com\/wp-content\/uploads\/2022\/12\/festivaldetoxhiver06-300x171.png\" data-width=\"300\" data-height=\"171\" aria-label=\"\" role=\"img\" ><\/div>\n\t\t\t\t\t\t\t\t\t\t\t<div class=\"elementor-gallery-item__overlay\"><\/div>\n\t\t\t\t\t\t\t\t\t\t\t\t\t\t<\/a>\n\t\t\t\t\t<\/div>\n\t\t\t\t\t<\/div>\n\t\t\t\t<\/div>\n\t\t\t\t\t<\/div>\n\t\t\t\t<\/div>\n\t\t<div class=\"elementor-element elementor-element-0f5db31 e-flex e-con-boxed e-con e-parent\" data-id=\"0f5db31\" data-element_type=\"container\" data-e-type=\"container\">\n\t\t\t\t\t<div class=\"e-con-inner\">\n\t\t\t\t<div class=\"elementor-element elementor-element-672bda0 elementor-widget-divider--view-line elementor-widget elementor-widget-divider\" data-id=\"672bda0\" data-element_type=\"widget\" data-e-type=\"widget\" data-widget_type=\"divider.default\">\n\t\t\t\t<div class=\"elementor-widget-container\">\n\t\t\t\t\t\t\t<div class=\"elementor-divider\">\n\t\t\t<span class=\"elementor-divider-separator\">\n\t\t\t\t\t\t<\/span>\n\t\t<\/div>\n\t\t\t\t\t\t<\/div>\n\t\t\t\t<\/div>\n\t\t\t\t\t<\/div>\n\t\t\t\t<\/div>\n\t\t<div class=\"elementor-element elementor-element-cfa3f36 e-flex e-con-boxed e-con e-parent\" data-id=\"cfa3f36\" data-element_type=\"container\" data-e-type=\"container\">\n\t\t\t\t\t<div class=\"e-con-inner\">\n\t\t<div class=\"elementor-element elementor-element-da74e0e e-con-full e-flex e-con e-child\" data-id=\"da74e0e\" data-element_type=\"container\" data-e-type=\"container\">\n\t\t\t\t<div class=\"elementor-element elementor-element-224cf1d elementor-widget elementor-widget-image\" data-id=\"224cf1d\" data-element_type=\"widget\" data-e-type=\"widget\" data-widget_type=\"image.default\">\n\t\t\t\t<div class=\"elementor-widget-container\">\n\t\t\t\t\t\t\t\t\t\t\t\t\t\t\t<img decoding=\"async\" width=\"768\" height=\"768\" src=\"https:\/\/www.lajarbelle.com\/wp-content\/uploads\/2022\/12\/8EFFF6BC-8E63-4A82-9CEE-D59E6D0BA0F8-1024x1024.jpg\" class=\"attachment-large size-large wp-image-6858\" alt=\"D\u00e9connexion hivernale aux Orres\" srcset=\"https:\/\/www.lajarbelle.com\/wp-content\/uploads\/2022\/12\/8EFFF6BC-8E63-4A82-9CEE-D59E6D0BA0F8-1024x1024.jpg 1024w, https:\/\/www.lajarbelle.com\/wp-content\/uploads\/2022\/12\/8EFFF6BC-8E63-4A82-9CEE-D59E6D0BA0F8-300x300.jpg 300w, https:\/\/www.lajarbelle.com\/wp-content\/uploads\/2022\/12\/8EFFF6BC-8E63-4A82-9CEE-D59E6D0BA0F8-150x150.jpg 150w, https:\/\/www.lajarbelle.com\/wp-content\/uploads\/2022\/12\/8EFFF6BC-8E63-4A82-9CEE-D59E6D0BA0F8-768x768.jpg 768w, https:\/\/www.lajarbelle.com\/wp-content\/uploads\/2022\/12\/8EFFF6BC-8E63-4A82-9CEE-D59E6D0BA0F8-12x12.jpg 12w, https:\/\/www.lajarbelle.com\/wp-content\/uploads\/2022\/12\/8EFFF6BC-8E63-4A82-9CEE-D59E6D0BA0F8.jpg 1080w\" sizes=\"(max-width: 768px) 100vw, 768px\" \/>\t\t\t\t\t\t\t\t\t\t\t\t\t\t\t<\/div>\n\t\t\t\t<\/div>\n\t\t\t\t<\/div>\n\t\t<div class=\"elementor-element elementor-element-8f6b7f3 e-con-full e-flex e-con e-child\" data-id=\"8f6b7f3\" data-element_type=\"container\" data-e-type=\"container\">\n\t\t\t\t<div class=\"elementor-element elementor-element-369d819 elementor-widget elementor-widget-text-editor\" data-id=\"369d819\" data-element_type=\"widget\" data-e-type=\"widget\" data-widget_type=\"text-editor.default\">\n\t\t\t\t<div class=\"elementor-widget-container\">\n\t\t\t\t\t\t\t\t\t<h2 class=\"title-tree\" style=\"text-align: justify;\"><span class=\"color-1\">\u00ab\u00a0D\u00e9connexion hivernale aux Orres\u00a0\u00bb :<\/span><span class=\"color-2\"><span class=\"font-2\">le Festival Ski D\u00e9tox et Bien-\u00catre vu par Foutrak<\/span><\/span><\/h2><p style=\"text-align: justify;\">Laura Sotto, alias Foutrak, alias Foufou, influenceuse tr\u00e8s pr\u00e9sente sur le r\u00e9seau Instagram,\u00a0<strong>a test\u00e9 pour vous le Festival D\u00e9tox en f\u00e9vrier 2022<\/strong>. Elle vous raconte son s\u00e9jour aux Orres et son exp\u00e9rience lors des diff\u00e9rents ateliers.<\/p>\t\t\t\t\t\t\t\t<\/div>\n\t\t\t\t<\/div>\n\t\t\t\t<\/div>\n\t\t\t\t\t<\/div>\n\t\t\t\t<\/div>\n\t\t<div class=\"elementor-element elementor-element-6db8a2a e-flex e-con-boxed e-con e-parent\" data-id=\"6db8a2a\" data-element_type=\"container\" data-e-type=\"container\">\n\t\t\t\t\t<div class=\"e-con-inner\">\n\t\t\t\t<div class=\"elementor-element elementor-element-1b80876 elementor-blockquote--skin-quotation elementor-widget elementor-widget-blockquote\" data-id=\"1b80876\" data-element_type=\"widget\" data-e-type=\"widget\" data-widget_type=\"blockquote.default\">\n\t\t\t\t<div class=\"elementor-widget-container\">\n\t\t\t\t\t\t\t<blockquote class=\"elementor-blockquote\">\n\t\t\t<p class=\"elementor-blockquote__content\">\n\t\t\t\tDurant le festival, j\u2019ai appr\u00e9ci\u00e9 de pouvoir assister \u00e0 des cours de yoga nidra ou yogalates et d\u00e9couvrir de nouvelles activit\u00e9s li\u00e9es au bien-\u00eatre [...] les intervenants \u00e9taient absolument tous exceptionnels alors franchement, ne manquez pas l\u2019ouverture des inscriptions l\u2019ann\u00e9e prochaine.\t\t\t<\/p>\n\t\t\t\t\t<\/blockquote>\n\t\t\t\t\t\t<\/div>\n\t\t\t\t<\/div>\n\t\t\t\t\t<\/div>\n\t\t\t\t<\/div>\n\t\t<div class=\"elementor-element elementor-element-5bef1a2 e-flex e-con-boxed e-con e-parent\" data-id=\"5bef1a2\" data-element_type=\"container\" data-e-type=\"container\">\n\t\t\t\t\t<div class=\"e-con-inner\">\n\t\t<div class=\"elementor-element elementor-element-cdc1db8 e-con-full e-flex e-con e-child\" data-id=\"cdc1db8\" data-element_type=\"container\" data-e-type=\"container\">\n\t\t\t\t<div class=\"elementor-element elementor-element-580ce96 elementor-widget elementor-widget-text-editor\" data-id=\"580ce96\" data-element_type=\"widget\" data-e-type=\"widget\" data-widget_type=\"text-editor.default\">\n\t\t\t\t<div class=\"elementor-widget-container\">\n\t\t\t\t\t\t\t\t\t<h2 class=\"title-tree\">Infos pratiques<\/h2><ul><li>Retrouvez prochainement la liste des ACTIVIT\u00c9S GRATUITES et PAYANTES<\/li><li>Ainsi que les modalit\u00e9s de r\u00e9servation.<\/li><\/ul>\t\t\t\t\t\t\t\t<\/div>\n\t\t\t\t<\/div>\n\t\t\t\t<\/div>\n\t\t<div class=\"elementor-element elementor-element-14ee2f0 e-con-full e-flex e-con e-child\" data-id=\"14ee2f0\" data-element_type=\"container\" data-e-type=\"container\">\n\t\t\t\t<div class=\"elementor-element elementor-element-90312b3 elementor-widget elementor-widget-image\" data-id=\"90312b3\" data-element_type=\"widget\" data-e-type=\"widget\" data-widget_type=\"image.default\">\n\t\t\t\t<div class=\"elementor-widget-container\">\n\t\t\t\t\t\t\t\t\t\t\t\t\t\t\t<img decoding=\"async\" width=\"768\" height=\"433\" src=\"https:\/\/www.lajarbelle.com\/wp-content\/uploads\/2022\/12\/orres-ski-detox-bien-colonne.jpg\" class=\"attachment-large size-large wp-image-6859\" alt=\"Infos pratiques\" srcset=\"https:\/\/www.lajarbelle.com\/wp-content\/uploads\/2022\/12\/orres-ski-detox-bien-colonne.jpg 980w, https:\/\/www.lajarbelle.com\/wp-content\/uploads\/2022\/12\/orres-ski-detox-bien-colonne-300x169.jpg 300w, https:\/\/www.lajarbelle.com\/wp-content\/uploads\/2022\/12\/orres-ski-detox-bien-colonne-768x433.jpg 768w, https:\/\/www.lajarbelle.com\/wp-content\/uploads\/2022\/12\/orres-ski-detox-bien-colonne-18x10.jpg 18w\" sizes=\"(max-width: 768px) 100vw, 768px\" \/>\t\t\t\t\t\t\t\t\t\t\t\t\t\t\t<\/div>\n\t\t\t\t<\/div>\n\t\t\t\t<\/div>\n\t\t\t\t\t<\/div>\n\t\t\t\t<\/div>\n\t\t<div class=\"elementor-element elementor-element-94cb6a9 e-flex e-con-boxed e-con e-parent\" data-id=\"94cb6a9\" data-element_type=\"container\" data-e-type=\"container\">\n\t\t\t\t\t<div class=\"e-con-inner\">\n\t\t\t\t<div class=\"elementor-element elementor-element-316a8a7 elementor-widget elementor-widget-heading\" data-id=\"316a8a7\" data-element_type=\"widget\" data-e-type=\"widget\" data-widget_type=\"heading.default\">\n\t\t\t\t<div class=\"elementor-widget-container\">\n\t\t\t\t\t<h2 class=\"elementor-heading-title elementor-size-default\"><a href=\"https:\/\/www.lesorres.com\/sites\/default\/files\/documents\/orres-ski-detox-bien-depliant.pdf\">D\u00e9pliant Festival D\u00e9tox 2022<\/a><\/h2>\t\t\t\t<\/div>\n\t\t\t\t<\/div>\n\t\t\t\t\t<\/div>\n\t\t\t\t<\/div>\n\t\t\t\t<\/div>\n\t\t","protected":false},"excerpt":{"rendered":"<p>LE FESTIVAL SKI D\u00c9TENTE &#038; BIEN-\u00caTRE de l&rsquo;Hiver Du\u00a010 au 12 janvier 2023, placez votre s\u00e9jour aux Orres sous le signe du\u00a0bien-\u00eatre et de la d\u00e9tente\u00a0! La station des Orres vous propose 3 jours pour vous ressourcer et bien d\u00e9buter l&rsquo;ann\u00e9e 2023 durant la 2e\u00a0\u00e9dition du Festival \u00ab\u00a0Ski, d\u00e9tox &amp; bien-\u00eatre\u00a0\u00bb ! R\u00e9servez votre s\u00e9jour [&hellip;]<\/p>\n","protected":false},"author":1,"featured_media":6838,"comment_status":"closed","ping_status":"open","sticky":false,"template":"","format":"standard","meta":{"footnotes":""},"categories":[17,81,77,82,80],"tags":[],"class_list":["post-6837","post","type-post","status-publish","format-standard","has-post-thumbnail","hentry","category-attractions","category-culture-divertissements","category-espace-detente","category-info-generale","category-sports-hiver"],"yoast_head":"<!-- This site is optimized with the Yoast SEO Premium plugin v25.6 (Yoast SEO v27.5) - https:\/\/yoast.com\/product\/yoast-seo-premium-wordpress\/ -->\n<title>SKI, D\u00c9TOX &amp; BIEN-\u00caTRE - Janvier 2023 - La Jarbelle - G\u00eetes et Spa<\/title>\n<meta name=\"description\" content=\"Du 10 au 12 janvier 2023, placez votre s\u00e9jour aux Orres sous le signe du bien-\u00eatre et de la d\u00e9tente ! La station des Orres vous propose 3 jours pour vous ressourcer et bien d\u00e9buter l&#039;ann\u00e9e 2023 durant la 2e \u00e9dition du Festival &quot;Ski, d\u00e9tox &amp; bien-\u00eatre&quot; !\" \/>\n<meta name=\"robots\" content=\"index, follow, max-snippet:-1, max-image-preview:large, max-video-preview:-1\" \/>\n<link rel=\"canonical\" href=\"https:\/\/www.lajarbelle.com\/index.php\/2022\/12\/10\/bien-etre-la-jarbelle\/\" \/>\n<meta property=\"og:locale\" content=\"fr_FR\" \/>\n<meta property=\"og:type\" content=\"article\" \/>\n<meta property=\"og:title\" content=\"SKI, D\u00c9TOX &amp; BIEN-\u00caTRE - Janvier 2023\" \/>\n<meta property=\"og:description\" content=\"Du 10 au 12 janvier 2023, placez votre s\u00e9jour aux Orres sous le signe du bien-\u00eatre et de la d\u00e9tente ! La station des Orres vous propose 3 jours pour vous ressourcer et bien d\u00e9buter l&#039;ann\u00e9e 2023 durant la 2e \u00e9dition du Festival &quot;Ski, d\u00e9tox &amp; bien-\u00eatre&quot; !\" \/>\n<meta property=\"og:url\" content=\"https:\/\/www.lajarbelle.com\/index.php\/2022\/12\/10\/bien-etre-la-jarbelle\/\" \/>\n<meta property=\"og:site_name\" content=\"La Jarbelle - G\u00eetes et Spa\" \/>\n<meta property=\"article:publisher\" content=\"https:\/\/www.facebook.com\/gitelajarbelle\" \/>\n<meta property=\"article:published_time\" content=\"2022-12-10T11:02:41+00:00\" \/>\n<meta property=\"article:modified_time\" content=\"2022-12-28T07:15:31+00:00\" \/>\n<meta property=\"og:image\" content=\"https:\/\/www.lajarbelle.com\/wp-content\/uploads\/2022\/12\/festival-ski-detox00.jpg\" \/>\n\t<meta property=\"og:image:width\" content=\"1900\" \/>\n\t<meta property=\"og:image:height\" content=\"800\" \/>\n\t<meta property=\"og:image:type\" content=\"image\/jpeg\" \/>\n<meta name=\"author\" content=\"La jarbelle\" \/>\n<meta name=\"twitter:card\" content=\"summary_large_image\" \/>\n<meta name=\"twitter:creator\" content=\"@lajarbelle\" \/>\n<meta name=\"twitter:site\" content=\"@lajarbelle\" \/>\n<meta name=\"twitter:label1\" content=\"\u00c9crit par\" \/>\n\t<meta name=\"twitter:data1\" content=\"La jarbelle\" \/>\n\t<meta name=\"twitter:label2\" content=\"Dur\u00e9e de lecture estim\u00e9e\" \/>\n\t<meta name=\"twitter:data2\" content=\"3 minutes\" \/>\n<script type=\"application\/ld+json\" class=\"yoast-schema-graph\">{\"@context\":\"https:\\\/\\\/schema.org\",\"@graph\":[{\"@type\":\"Article\",\"@id\":\"https:\\\/\\\/www.lajarbelle.com\\\/index.php\\\/2022\\\/12\\\/10\\\/bien-etre-la-jarbelle\\\/#article\",\"isPartOf\":{\"@id\":\"https:\\\/\\\/www.lajarbelle.com\\\/index.php\\\/2022\\\/12\\\/10\\\/bien-etre-la-jarbelle\\\/\"},\"author\":{\"name\":\"La jarbelle\",\"@id\":\"https:\\\/\\\/www.lajarbelle.com\\\/#\\\/schema\\\/person\\\/afa2d71425f6eacce0931f3031f7d80f\"},\"headline\":\"SKI, D\u00c9TOX &#038; BIEN-\u00caTRE &#8211; Janvier 2023\",\"datePublished\":\"2022-12-10T11:02:41+00:00\",\"dateModified\":\"2022-12-28T07:15:31+00:00\",\"mainEntityOfPage\":{\"@id\":\"https:\\\/\\\/www.lajarbelle.com\\\/index.php\\\/2022\\\/12\\\/10\\\/bien-etre-la-jarbelle\\\/\"},\"wordCount\":513,\"publisher\":{\"@id\":\"https:\\\/\\\/www.lajarbelle.com\\\/#organization\"},\"image\":{\"@id\":\"https:\\\/\\\/www.lajarbelle.com\\\/index.php\\\/2022\\\/12\\\/10\\\/bien-etre-la-jarbelle\\\/#primaryimage\"},\"thumbnailUrl\":\"https:\\\/\\\/www.lajarbelle.com\\\/wp-content\\\/uploads\\\/2022\\\/12\\\/festival-ski-detox00.jpg\",\"articleSection\":[\"Attractions\",\"Culture et divertissements\",\"Espace d\u00e9tente\",\"information g\u00e9n\u00e9rale\",\"Sports hiver\"],\"inLanguage\":\"fr-FR\"},{\"@type\":\"WebPage\",\"@id\":\"https:\\\/\\\/www.lajarbelle.com\\\/index.php\\\/2022\\\/12\\\/10\\\/bien-etre-la-jarbelle\\\/\",\"url\":\"https:\\\/\\\/www.lajarbelle.com\\\/index.php\\\/2022\\\/12\\\/10\\\/bien-etre-la-jarbelle\\\/\",\"name\":\"SKI, D\u00c9TOX & BIEN-\u00caTRE - Janvier 2023 - La Jarbelle - G\u00eetes et Spa\",\"isPartOf\":{\"@id\":\"https:\\\/\\\/www.lajarbelle.com\\\/#website\"},\"primaryImageOfPage\":{\"@id\":\"https:\\\/\\\/www.lajarbelle.com\\\/index.php\\\/2022\\\/12\\\/10\\\/bien-etre-la-jarbelle\\\/#primaryimage\"},\"image\":{\"@id\":\"https:\\\/\\\/www.lajarbelle.com\\\/index.php\\\/2022\\\/12\\\/10\\\/bien-etre-la-jarbelle\\\/#primaryimage\"},\"thumbnailUrl\":\"https:\\\/\\\/www.lajarbelle.com\\\/wp-content\\\/uploads\\\/2022\\\/12\\\/festival-ski-detox00.jpg\",\"datePublished\":\"2022-12-10T11:02:41+00:00\",\"dateModified\":\"2022-12-28T07:15:31+00:00\",\"description\":\"Du 10 au 12 janvier 2023, placez votre s\u00e9jour aux Orres sous le signe du bien-\u00eatre et de la d\u00e9tente ! La station des Orres vous propose 3 jours pour vous ressourcer et bien d\u00e9buter l'ann\u00e9e 2023 durant la 2e \u00e9dition du Festival \\\"Ski, d\u00e9tox & bien-\u00eatre\\\" !\",\"breadcrumb\":{\"@id\":\"https:\\\/\\\/www.lajarbelle.com\\\/index.php\\\/2022\\\/12\\\/10\\\/bien-etre-la-jarbelle\\\/#breadcrumb\"},\"inLanguage\":\"fr-FR\",\"potentialAction\":[{\"@type\":\"ReadAction\",\"target\":[\"https:\\\/\\\/www.lajarbelle.com\\\/index.php\\\/2022\\\/12\\\/10\\\/bien-etre-la-jarbelle\\\/\"]}]},{\"@type\":\"ImageObject\",\"inLanguage\":\"fr-FR\",\"@id\":\"https:\\\/\\\/www.lajarbelle.com\\\/index.php\\\/2022\\\/12\\\/10\\\/bien-etre-la-jarbelle\\\/#primaryimage\",\"url\":\"https:\\\/\\\/www.lajarbelle.com\\\/wp-content\\\/uploads\\\/2022\\\/12\\\/festival-ski-detox00.jpg\",\"contentUrl\":\"https:\\\/\\\/www.lajarbelle.com\\\/wp-content\\\/uploads\\\/2022\\\/12\\\/festival-ski-detox00.jpg\",\"width\":1900,\"height\":800,\"caption\":\"LE FESTIVAL SKI D\u00c9TENTE & BIEN-\u00caTRE\"},{\"@type\":\"BreadcrumbList\",\"@id\":\"https:\\\/\\\/www.lajarbelle.com\\\/index.php\\\/2022\\\/12\\\/10\\\/bien-etre-la-jarbelle\\\/#breadcrumb\",\"itemListElement\":[{\"@type\":\"ListItem\",\"position\":1,\"name\":\"Accueil\",\"item\":\"https:\\\/\\\/www.lajarbelle.com\\\/\"},{\"@type\":\"ListItem\",\"position\":2,\"name\":\"SKI, D\u00c9TOX &#038; BIEN-\u00caTRE &#8211; Janvier 2023\"}]},{\"@type\":\"WebSite\",\"@id\":\"https:\\\/\\\/www.lajarbelle.com\\\/#website\",\"url\":\"https:\\\/\\\/www.lajarbelle.com\\\/\",\"name\":\"La Jarbelle - G\u00eetes et Spa\",\"description\":\"Le bien-\u00eatre \u00e0 la montagne\",\"publisher\":{\"@id\":\"https:\\\/\\\/www.lajarbelle.com\\\/#organization\"},\"potentialAction\":[{\"@type\":\"SearchAction\",\"target\":{\"@type\":\"EntryPoint\",\"urlTemplate\":\"https:\\\/\\\/www.lajarbelle.com\\\/?s={search_term_string}\"},\"query-input\":{\"@type\":\"PropertyValueSpecification\",\"valueRequired\":true,\"valueName\":\"search_term_string\"}}],\"inLanguage\":\"fr-FR\"},{\"@type\":\"Organization\",\"@id\":\"https:\\\/\\\/www.lajarbelle.com\\\/#organization\",\"name\":\"SAS LA JARBELLE\",\"url\":\"https:\\\/\\\/www.lajarbelle.com\\\/\",\"logo\":{\"@type\":\"ImageObject\",\"inLanguage\":\"fr-FR\",\"@id\":\"https:\\\/\\\/www.lajarbelle.com\\\/#\\\/schema\\\/logo\\\/image\\\/\",\"url\":\"https:\\\/\\\/www.lajarbelle.com\\\/wp-content\\\/uploads\\\/2020\\\/05\\\/icone_lajarbelle.png\",\"contentUrl\":\"https:\\\/\\\/www.lajarbelle.com\\\/wp-content\\\/uploads\\\/2020\\\/05\\\/icone_lajarbelle.png\",\"width\":250,\"height\":250,\"caption\":\"SAS LA JARBELLE\"},\"image\":{\"@id\":\"https:\\\/\\\/www.lajarbelle.com\\\/#\\\/schema\\\/logo\\\/image\\\/\"},\"sameAs\":[\"https:\\\/\\\/www.facebook.com\\\/gitelajarbelle\",\"https:\\\/\\\/x.com\\\/lajarbelle\",\"https:\\\/\\\/instagram.com\\\/gite_lajarbelle\",\"http:\\\/\\\/www.linkedin.com\\\/in\\\/guillaume-plisson-05200\",\"https:\\\/\\\/www.pinterest.fr\\\/lajarbelle\"]},{\"@type\":\"Person\",\"@id\":\"https:\\\/\\\/www.lajarbelle.com\\\/#\\\/schema\\\/person\\\/afa2d71425f6eacce0931f3031f7d80f\",\"name\":\"La jarbelle\",\"image\":{\"@type\":\"ImageObject\",\"inLanguage\":\"fr-FR\",\"@id\":\"https:\\\/\\\/secure.gravatar.com\\\/avatar\\\/3e736281943c32c619f314e14fd361dad3c4e800935c4fe65c9df7cd105cd96c?s=96&d=mm&r=g\",\"url\":\"https:\\\/\\\/secure.gravatar.com\\\/avatar\\\/3e736281943c32c619f314e14fd361dad3c4e800935c4fe65c9df7cd105cd96c?s=96&d=mm&r=g\",\"contentUrl\":\"https:\\\/\\\/secure.gravatar.com\\\/avatar\\\/3e736281943c32c619f314e14fd361dad3c4e800935c4fe65c9df7cd105cd96c?s=96&d=mm&r=g\",\"caption\":\"La jarbelle\"}}]}<\/script>\n<!-- \/ Yoast SEO Premium plugin. -->","yoast_head_json":{"title":"SKI, D\u00c9TOX & BIEN-\u00caTRE - Janvier 2023 - La Jarbelle - G\u00eetes et Spa","description":"Du 10 au 12 janvier 2023, placez votre s\u00e9jour aux Orres sous le signe du bien-\u00eatre et de la d\u00e9tente ! La station des Orres vous propose 3 jours pour vous ressourcer et bien d\u00e9buter l'ann\u00e9e 2023 durant la 2e \u00e9dition du Festival \"Ski, d\u00e9tox & bien-\u00eatre\" !","robots":{"index":"index","follow":"follow","max-snippet":"max-snippet:-1","max-image-preview":"max-image-preview:large","max-video-preview":"max-video-preview:-1"},"canonical":"https:\/\/www.lajarbelle.com\/index.php\/2022\/12\/10\/bien-etre-la-jarbelle\/","og_locale":"fr_FR","og_type":"article","og_title":"SKI, D\u00c9TOX & BIEN-\u00caTRE - Janvier 2023","og_description":"Du 10 au 12 janvier 2023, placez votre s\u00e9jour aux Orres sous le signe du bien-\u00eatre et de la d\u00e9tente ! La station des Orres vous propose 3 jours pour vous ressourcer et bien d\u00e9buter l'ann\u00e9e 2023 durant la 2e \u00e9dition du Festival \"Ski, d\u00e9tox & bien-\u00eatre\" !","og_url":"https:\/\/www.lajarbelle.com\/index.php\/2022\/12\/10\/bien-etre-la-jarbelle\/","og_site_name":"La Jarbelle - G\u00eetes et Spa","article_publisher":"https:\/\/www.facebook.com\/gitelajarbelle","article_published_time":"2022-12-10T11:02:41+00:00","article_modified_time":"2022-12-28T07:15:31+00:00","og_image":[{"width":1900,"height":800,"url":"https:\/\/www.lajarbelle.com\/wp-content\/uploads\/2022\/12\/festival-ski-detox00.jpg","type":"image\/jpeg"}],"author":"La jarbelle","twitter_card":"summary_large_image","twitter_creator":"@lajarbelle","twitter_site":"@lajarbelle","twitter_misc":{"\u00c9crit par":"La jarbelle","Dur\u00e9e de lecture estim\u00e9e":"3 minutes"},"schema":{"@context":"https:\/\/schema.org","@graph":[{"@type":"Article","@id":"https:\/\/www.lajarbelle.com\/index.php\/2022\/12\/10\/bien-etre-la-jarbelle\/#article","isPartOf":{"@id":"https:\/\/www.lajarbelle.com\/index.php\/2022\/12\/10\/bien-etre-la-jarbelle\/"},"author":{"name":"La jarbelle","@id":"https:\/\/www.lajarbelle.com\/#\/schema\/person\/afa2d71425f6eacce0931f3031f7d80f"},"headline":"SKI, D\u00c9TOX &#038; BIEN-\u00caTRE &#8211; Janvier 2023","datePublished":"2022-12-10T11:02:41+00:00","dateModified":"2022-12-28T07:15:31+00:00","mainEntityOfPage":{"@id":"https:\/\/www.lajarbelle.com\/index.php\/2022\/12\/10\/bien-etre-la-jarbelle\/"},"wordCount":513,"publisher":{"@id":"https:\/\/www.lajarbelle.com\/#organization"},"image":{"@id":"https:\/\/www.lajarbelle.com\/index.php\/2022\/12\/10\/bien-etre-la-jarbelle\/#primaryimage"},"thumbnailUrl":"https:\/\/www.lajarbelle.com\/wp-content\/uploads\/2022\/12\/festival-ski-detox00.jpg","articleSection":["Attractions","Culture et divertissements","Espace d\u00e9tente","information g\u00e9n\u00e9rale","Sports hiver"],"inLanguage":"fr-FR"},{"@type":"WebPage","@id":"https:\/\/www.lajarbelle.com\/index.php\/2022\/12\/10\/bien-etre-la-jarbelle\/","url":"https:\/\/www.lajarbelle.com\/index.php\/2022\/12\/10\/bien-etre-la-jarbelle\/","name":"SKI, D\u00c9TOX & BIEN-\u00caTRE - Janvier 2023 - La Jarbelle - G\u00eetes et Spa","isPartOf":{"@id":"https:\/\/www.lajarbelle.com\/#website"},"primaryImageOfPage":{"@id":"https:\/\/www.lajarbelle.com\/index.php\/2022\/12\/10\/bien-etre-la-jarbelle\/#primaryimage"},"image":{"@id":"https:\/\/www.lajarbelle.com\/index.php\/2022\/12\/10\/bien-etre-la-jarbelle\/#primaryimage"},"thumbnailUrl":"https:\/\/www.lajarbelle.com\/wp-content\/uploads\/2022\/12\/festival-ski-detox00.jpg","datePublished":"2022-12-10T11:02:41+00:00","dateModified":"2022-12-28T07:15:31+00:00","description":"Du 10 au 12 janvier 2023, placez votre s\u00e9jour aux Orres sous le signe du bien-\u00eatre et de la d\u00e9tente ! La station des Orres vous propose 3 jours pour vous ressourcer et bien d\u00e9buter l'ann\u00e9e 2023 durant la 2e \u00e9dition du Festival \"Ski, d\u00e9tox & bien-\u00eatre\" !","breadcrumb":{"@id":"https:\/\/www.lajarbelle.com\/index.php\/2022\/12\/10\/bien-etre-la-jarbelle\/#breadcrumb"},"inLanguage":"fr-FR","potentialAction":[{"@type":"ReadAction","target":["https:\/\/www.lajarbelle.com\/index.php\/2022\/12\/10\/bien-etre-la-jarbelle\/"]}]},{"@type":"ImageObject","inLanguage":"fr-FR","@id":"https:\/\/www.lajarbelle.com\/index.php\/2022\/12\/10\/bien-etre-la-jarbelle\/#primaryimage","url":"https:\/\/www.lajarbelle.com\/wp-content\/uploads\/2022\/12\/festival-ski-detox00.jpg","contentUrl":"https:\/\/www.lajarbelle.com\/wp-content\/uploads\/2022\/12\/festival-ski-detox00.jpg","width":1900,"height":800,"caption":"LE FESTIVAL SKI D\u00c9TENTE & BIEN-\u00caTRE"},{"@type":"BreadcrumbList","@id":"https:\/\/www.lajarbelle.com\/index.php\/2022\/12\/10\/bien-etre-la-jarbelle\/#breadcrumb","itemListElement":[{"@type":"ListItem","position":1,"name":"Accueil","item":"https:\/\/www.lajarbelle.com\/"},{"@type":"ListItem","position":2,"name":"SKI, D\u00c9TOX &#038; BIEN-\u00caTRE &#8211; Janvier 2023"}]},{"@type":"WebSite","@id":"https:\/\/www.lajarbelle.com\/#website","url":"https:\/\/www.lajarbelle.com\/","name":"La Jarbelle - G\u00eetes et Spa","description":"Le bien-\u00eatre \u00e0 la montagne","publisher":{"@id":"https:\/\/www.lajarbelle.com\/#organization"},"potentialAction":[{"@type":"SearchAction","target":{"@type":"EntryPoint","urlTemplate":"https:\/\/www.lajarbelle.com\/?s={search_term_string}"},"query-input":{"@type":"PropertyValueSpecification","valueRequired":true,"valueName":"search_term_string"}}],"inLanguage":"fr-FR"},{"@type":"Organization","@id":"https:\/\/www.lajarbelle.com\/#organization","name":"SAS LA JARBELLE","url":"https:\/\/www.lajarbelle.com\/","logo":{"@type":"ImageObject","inLanguage":"fr-FR","@id":"https:\/\/www.lajarbelle.com\/#\/schema\/logo\/image\/","url":"https:\/\/www.lajarbelle.com\/wp-content\/uploads\/2020\/05\/icone_lajarbelle.png","contentUrl":"https:\/\/www.lajarbelle.com\/wp-content\/uploads\/2020\/05\/icone_lajarbelle.png","width":250,"height":250,"caption":"SAS LA JARBELLE"},"image":{"@id":"https:\/\/www.lajarbelle.com\/#\/schema\/logo\/image\/"},"sameAs":["https:\/\/www.facebook.com\/gitelajarbelle","https:\/\/x.com\/lajarbelle","https:\/\/instagram.com\/gite_lajarbelle","http:\/\/www.linkedin.com\/in\/guillaume-plisson-05200","https:\/\/www.pinterest.fr\/lajarbelle"]},{"@type":"Person","@id":"https:\/\/www.lajarbelle.com\/#\/schema\/person\/afa2d71425f6eacce0931f3031f7d80f","name":"La jarbelle","image":{"@type":"ImageObject","inLanguage":"fr-FR","@id":"https:\/\/secure.gravatar.com\/avatar\/3e736281943c32c619f314e14fd361dad3c4e800935c4fe65c9df7cd105cd96c?s=96&d=mm&r=g","url":"https:\/\/secure.gravatar.com\/avatar\/3e736281943c32c619f314e14fd361dad3c4e800935c4fe65c9df7cd105cd96c?s=96&d=mm&r=g","contentUrl":"https:\/\/secure.gravatar.com\/avatar\/3e736281943c32c619f314e14fd361dad3c4e800935c4fe65c9df7cd105cd96c?s=96&d=mm&r=g","caption":"La jarbelle"}}]}},"_links":{"self":[{"href":"https:\/\/www.lajarbelle.com\/index.php\/wp-json\/wp\/v2\/posts\/6837","targetHints":{"allow":["GET"]}}],"collection":[{"href":"https:\/\/www.lajarbelle.com\/index.php\/wp-json\/wp\/v2\/posts"}],"about":[{"href":"https:\/\/www.lajarbelle.com\/index.php\/wp-json\/wp\/v2\/types\/post"}],"author":[{"embeddable":true,"href":"https:\/\/www.lajarbelle.com\/index.php\/wp-json\/wp\/v2\/users\/1"}],"replies":[{"embeddable":true,"href":"https:\/\/www.lajarbelle.com\/index.php\/wp-json\/wp\/v2\/comments?post=6837"}],"version-history":[{"count":26,"href":"https:\/\/www.lajarbelle.com\/index.php\/wp-json\/wp\/v2\/posts\/6837\/revisions"}],"predecessor-version":[{"id":7043,"href":"https:\/\/www.lajarbelle.com\/index.php\/wp-json\/wp\/v2\/posts\/6837\/revisions\/7043"}],"wp:featuredmedia":[{"embeddable":true,"href":"https:\/\/www.lajarbelle.com\/index.php\/wp-json\/wp\/v2\/media\/6838"}],"wp:attachment":[{"href":"https:\/\/www.lajarbelle.com\/index.php\/wp-json\/wp\/v2\/media?parent=6837"}],"wp:term":[{"taxonomy":"category","embeddable":true,"href":"https:\/\/www.lajarbelle.com\/index.php\/wp-json\/wp\/v2\/categories?post=6837"},{"taxonomy":"post_tag","embeddable":true,"href":"https:\/\/www.lajarbelle.com\/index.php\/wp-json\/wp\/v2\/tags?post=6837"}],"curies":[{"name":"wp","href":"https:\/\/api.w.org\/{rel}","templated":true}]}}