{"id":7970,"date":"2024-01-22T15:59:27","date_gmt":"2024-01-22T14:59:27","guid":{"rendered":"https:\/\/www.lajarbelle.com\/?p=7970"},"modified":"2024-01-22T16:19:53","modified_gmt":"2024-01-22T15:19:53","slug":"festival-mini-kids-le-festival-des-tout-petits","status":"publish","type":"post","link":"https:\/\/www.lajarbelle.com\/index.php\/2024\/01\/22\/festival-mini-kids-le-festival-des-tout-petits\/","title":{"rendered":"Festival Mini Kids : le festival des tout-petits ! Du 06 au 08 f\u00e9vrier 2024\u00a0"},"content":{"rendered":"\t\t<div data-elementor-type=\"wp-post\" data-elementor-id=\"7970\" class=\"elementor elementor-7970\" data-elementor-post-type=\"post\">\n\t\t\t\t\t\t<section class=\"elementor-section elementor-top-section elementor-element elementor-element-282e8ad elementor-section-boxed elementor-section-height-default elementor-section-height-default\" data-id=\"282e8ad\" data-element_type=\"section\" data-e-type=\"section\">\n\t\t\t\t\t\t<div class=\"elementor-container elementor-column-gap-default\">\n\t\t\t\t\t<div class=\"elementor-column elementor-col-100 elementor-top-column elementor-element elementor-element-68eafbe3\" data-id=\"68eafbe3\" data-element_type=\"column\" data-e-type=\"column\">\n\t\t\t<div class=\"elementor-widget-wrap elementor-element-populated\">\n\t\t\t\t\t\t<div class=\"elementor-element elementor-element-1099e023 elementor-widget elementor-widget-text-editor\" data-id=\"1099e023\" data-element_type=\"widget\" data-e-type=\"widget\" data-widget_type=\"text-editor.default\">\n\t\t\t\t<div class=\"elementor-widget-container\">\n\t\t\t\t\t\t\t\t\t\n<p><\/p>\n\n\n\n<p><\/p>\n\t\t\t\t\t\t\t\t<\/div>\n\t\t\t\t<\/div>\n\t\t\t\t\t<\/div>\n\t\t<\/div>\n\t\t\t\t\t<\/div>\n\t\t<\/section>\n\t\t<div class=\"elementor-element elementor-element-a575a8a e-flex e-con-boxed e-con e-parent\" data-id=\"a575a8a\" data-element_type=\"container\" data-e-type=\"container\">\n\t\t\t\t\t<div class=\"e-con-inner\">\n\t\t\t\t<div class=\"elementor-element elementor-element-d13dcb8 elementor-widget elementor-widget-text-editor\" data-id=\"d13dcb8\" data-element_type=\"widget\" data-e-type=\"widget\" data-widget_type=\"text-editor.default\">\n\t\t\t\t<div class=\"elementor-widget-container\">\n\t\t\t\t\t\t\t\t\t<div>\n<table role=\"presentation\" border=\"0\" cellspacing=\"0\" cellpadding=\"0\" align=\"center\">\n<tbody>\n<tr>\n<td>\n<div class=\"m_-4750337673824236386mj-column-per-100\">\n<table role=\"presentation\" border=\"0\" width=\"100%\" cellspacing=\"0\" cellpadding=\"0\">\n<tbody>\n<tr>\n<td align=\"center\">\n<table role=\"presentation\" border=\"0\" cellspacing=\"0\" cellpadding=\"0\">\n<tbody>\n<tr>\n<td><a href=\"http:\/\/6xg3.mjt.lu\/lnk\/AUsAADN60uIAAc2_6BAAAJsQ3_0AARpalYAAJoRWAAdv-wBlqBgJjVzJJHR-SOG8FTfTtz8FBAAHFls\/10\/hBcsd2bu4iLqHjmEajJ_Bw\/aHR0cHM6Ly93d3cubGVzb3JyZXMuY29tL3N1ci1wbGFjZS9ldmVuZW1lbnRzLWFuaW1hdGlvbnMvZmVzdGl2YWwtbWluaS1raWRz\" target=\"_blank\" rel=\"noopener\" data-saferedirecturl=\"https:\/\/www.google.com\/url?q=http:\/\/6xg3.mjt.lu\/lnk\/AUsAADN60uIAAc2_6BAAAJsQ3_0AARpalYAAJoRWAAdv-wBlqBgJjVzJJHR-SOG8FTfTtz8FBAAHFls\/10\/hBcsd2bu4iLqHjmEajJ_Bw\/aHR0cHM6Ly93d3cubGVzb3JyZXMuY29tL3N1ci1wbGFjZS9ldmVuZW1lbnRzLWFuaW1hdGlvbnMvZmVzdGl2YWwtbWluaS1raWRz&amp;source=gmail&amp;ust=1706013040511000&amp;usg=AOvVaw1feUfanVkLk5Ausqb_U7QF\"><img decoding=\"async\" class=\"CToWUd\" src=\"https:\/\/ci3.googleusercontent.com\/meips\/ADKq_Na7DyTa4YB2oIxhLfwvTmeIV0GSTMUsU_ZrvaS9WBot9e_Tp9Bljcv3RYrvzG8o6x6ncOR82ycFF4RVZbjJg03YrTM-cXSOqqErtMxK1T8eDDq_y_r5ZP2wCEFm_t4X=s0-d-e1-ft#http:\/\/6xg3.mjt.lu\/img2\/6xg3\/aeb73690-a37b-49c8-a3dc-f8db4deee5e3\/content\" alt=\"\" width=\"600\" height=\"auto\" data-bit=\"iit\" \/><\/a><\/td>\n<\/tr>\n<\/tbody>\n<\/table>\n<\/td>\n<\/tr>\n<\/tbody>\n<\/table>\n<\/div>\n<\/td>\n<\/tr>\n<\/tbody>\n<\/table>\n<\/div>\n<div>\n<table role=\"presentation\" border=\"0\" cellspacing=\"0\" cellpadding=\"0\" align=\"center\">\n<tbody>\n<tr>\n<td>\n<div class=\"m_-4750337673824236386mj-column-per-100\">\n<div class=\"field__item\">\n<div class=\"paragraph paragraph--type--big-title-3-img paragraph--view-mode--default\">\n<div class=\"wrapper container\">\n<div class=\"group-intro\">\n<div class=\"group-presentation\">\n<div class=\"clearfix text-formatted field field--name-field-texte-d-introduction field--type-text-long field--label-hidden field__item\">\n<p>Les enfants de 3 \u00e0 6 ans ont leur propre festival aux Orres ! Un programme sp\u00e9cialement con\u00e7us pour les\u00a0<strong>familles<\/strong>, pour que vos moments de\u00a0<strong>complicit\u00e9\u00a0<\/strong>et de\u00a0<strong>partage\u00a0<\/strong>soient inoubliables.\u00a0<\/p>\n<p>3 jours de\u00a0<strong>spectacles<\/strong>, de\u00a0<strong>films\u00a0<\/strong>d&rsquo;animations, de\u00a0<strong>chasses au Tr\u00e9s&rsquo;Orres<\/strong>, une rencontre et des c\u00e2lins avec la mascotte\u00a0<strong>L&rsquo;Happy<\/strong>, un\u00a0<strong>mini-disco\u00a0<\/strong>pour enflammer le dancefloor, un atelier\u00a0<strong>maquillage<\/strong>, des mini-<strong>olympiades<\/strong>&#8230;<\/p>\n<p><strong>R\u00eaver, s&rsquo;\u00e9merveiller, danser et s&rsquo;amuser comme des fous !\u00a0<\/strong><\/p>\n<p>La pr\u00e9sence d&rsquo;un adulte est demand\u00e9e pour l&rsquo;ensemble des activit\u00e9s.\u00a0<\/p>\n<p><a class=\"btn btn-1\" title=\"A5-Prog-Festival-Mini-Kids-2024.pdf\" href=\"https:\/\/www.lesorres.com\/sites\/default\/files\/documents\/a5-prog-festival-mini-kids-2024_2.pdf\" target=\"_blank\" rel=\"noopener\" data-entity-substitution=\"media\" data-entity-type=\"media\" data-entity-uuid=\"4eacddac-947d-42cd-9e38-39b93438f782\">T\u00c9L\u00c9CHARGER LE PROGRAMME<\/a><\/p>\n<\/div>\n<\/div>\n<\/div>\n<\/div>\n<\/div>\n<\/div>\n<div class=\"field__item\">\n<div class=\"paragraph paragraph--type--basic-content paragraph--view-mode--default\">\n<div class=\"wrapper container-small\">\n<div class=\"clearfix text-formatted field field--name-field-content field--type-text-long field--label-hidden field__item\">\u00a0<\/div>\n<\/div>\n<\/div>\n<\/div>\n<\/div>\n<\/td>\n<\/tr>\n<\/tbody>\n<\/table>\n<\/div>\t\t\t\t\t\t\t\t<\/div>\n\t\t\t\t<\/div>\n\t\t\t\t\t<\/div>\n\t\t\t\t<\/div>\n\t\t\t\t<\/div>\n\t\t","protected":false},"excerpt":{"rendered":"<p>Les enfants de 3 \u00e0 6 ans ont leur propre festival aux Orres ! Un programme sp\u00e9cialement con\u00e7us pour les&nbsp;familles, pour que vos moments de&nbsp;complicit\u00e9&nbsp;et de&nbsp;partage&nbsp;soient inoubliables.&nbsp; 3 jours de&nbsp;spectacles, de&nbsp;films&nbsp;d&rsquo;animations, de&nbsp;chasses au Tr\u00e9s&rsquo;Orres, une rencontre et des c\u00e2lins avec la mascotte&nbsp;L&rsquo;Happy, un&nbsp;mini-disco&nbsp;pour enflammer le dancefloor, un atelier&nbsp;maquillage, des mini-olympiades&#8230; R\u00eaver, s&rsquo;\u00e9merveiller, danser et s&rsquo;amuser [&hellip;]<\/p>\n","protected":false},"author":1,"featured_media":7971,"comment_status":"closed","ping_status":"open","sticky":false,"template":"","format":"standard","meta":{"footnotes":""},"categories":[17,81,82,80],"tags":[118,117,115,138,120],"class_list":["post-7970","post","type-post","status-publish","format-standard","has-post-thumbnail","hentry","category-attractions","category-culture-divertissements","category-info-generale","category-sports-hiver","tag-enfant","tag-famille","tag-festival","tag-hiver","tag-neige"],"yoast_head":"<!-- This site is optimized with the Yoast SEO Premium plugin v25.6 (Yoast SEO v27.4) - https:\/\/yoast.com\/product\/yoast-seo-premium-wordpress\/ -->\n<title>Festival Mini Kids : le festival des tout-petits ! Du 06 au 08 f\u00e9vrier 2024\u00a0 - La Jarbelle - G\u00eetes et Spa<\/title>\n<meta name=\"robots\" content=\"index, follow, max-snippet:-1, max-image-preview:large, max-video-preview:-1\" \/>\n<link rel=\"canonical\" href=\"https:\/\/www.lajarbelle.com\/index.php\/2024\/01\/22\/festival-mini-kids-le-festival-des-tout-petits\/\" \/>\n<meta property=\"og:locale\" content=\"fr_FR\" \/>\n<meta property=\"og:type\" content=\"article\" \/>\n<meta property=\"og:title\" content=\"Festival Mini Kids : le festival des tout-petits ! Du 06 au 08 f\u00e9vrier 2024\u00a0\" \/>\n<meta property=\"og:description\" content=\"Les enfants de 3 \u00e0 6 ans ont leur propre festival aux Orres ! Un programme sp\u00e9cialement con\u00e7us pour les&nbsp;familles, pour que vos moments de&nbsp;complicit\u00e9&nbsp;et de&nbsp;partage&nbsp;soient inoubliables.&nbsp; 3 jours de&nbsp;spectacles, de&nbsp;films&nbsp;d&rsquo;animations, de&nbsp;chasses au Tr\u00e9s&rsquo;Orres, une rencontre et des c\u00e2lins avec la mascotte&nbsp;L&rsquo;Happy, un&nbsp;mini-disco&nbsp;pour enflammer le dancefloor, un atelier&nbsp;maquillage, des mini-olympiades&#8230; R\u00eaver, s&rsquo;\u00e9merveiller, danser et s&rsquo;amuser [&hellip;]\" \/>\n<meta property=\"og:url\" content=\"https:\/\/www.lajarbelle.com\/index.php\/2024\/01\/22\/festival-mini-kids-le-festival-des-tout-petits\/\" \/>\n<meta property=\"og:site_name\" content=\"La Jarbelle - G\u00eetes et Spa\" \/>\n<meta property=\"article:publisher\" content=\"https:\/\/www.facebook.com\/gitelajarbelle\" \/>\n<meta property=\"article:published_time\" content=\"2024-01-22T14:59:27+00:00\" \/>\n<meta property=\"article:modified_time\" content=\"2024-01-22T15:19:53+00:00\" \/>\n<meta property=\"og:image\" content=\"https:\/\/www.lajarbelle.com\/wp-content\/uploads\/2024\/01\/mini-kids.jpg\" \/>\n\t<meta property=\"og:image:width\" content=\"400\" \/>\n\t<meta property=\"og:image:height\" content=\"280\" \/>\n\t<meta property=\"og:image:type\" content=\"image\/jpeg\" \/>\n<meta name=\"author\" content=\"La jarbelle\" \/>\n<meta name=\"twitter:card\" content=\"summary_large_image\" \/>\n<meta name=\"twitter:creator\" content=\"@lajarbelle\" \/>\n<meta name=\"twitter:site\" content=\"@lajarbelle\" \/>\n<meta name=\"twitter:label1\" content=\"\u00c9crit par\" \/>\n\t<meta name=\"twitter:data1\" content=\"La jarbelle\" \/>\n\t<meta name=\"twitter:label2\" content=\"Dur\u00e9e de lecture estim\u00e9e\" \/>\n\t<meta name=\"twitter:data2\" content=\"1 minute\" \/>\n<script type=\"application\/ld+json\" class=\"yoast-schema-graph\">{\"@context\":\"https:\\\/\\\/schema.org\",\"@graph\":[{\"@type\":\"Article\",\"@id\":\"https:\\\/\\\/www.lajarbelle.com\\\/index.php\\\/2024\\\/01\\\/22\\\/festival-mini-kids-le-festival-des-tout-petits\\\/#article\",\"isPartOf\":{\"@id\":\"https:\\\/\\\/www.lajarbelle.com\\\/index.php\\\/2024\\\/01\\\/22\\\/festival-mini-kids-le-festival-des-tout-petits\\\/\"},\"author\":{\"name\":\"La jarbelle\",\"@id\":\"https:\\\/\\\/www.lajarbelle.com\\\/#\\\/schema\\\/person\\\/afa2d71425f6eacce0931f3031f7d80f\"},\"headline\":\"Festival Mini Kids : le festival des tout-petits ! Du 06 au 08 f\u00e9vrier 2024\u00a0\",\"datePublished\":\"2024-01-22T14:59:27+00:00\",\"dateModified\":\"2024-01-22T15:19:53+00:00\",\"mainEntityOfPage\":{\"@id\":\"https:\\\/\\\/www.lajarbelle.com\\\/index.php\\\/2024\\\/01\\\/22\\\/festival-mini-kids-le-festival-des-tout-petits\\\/\"},\"wordCount\":117,\"publisher\":{\"@id\":\"https:\\\/\\\/www.lajarbelle.com\\\/#organization\"},\"image\":{\"@id\":\"https:\\\/\\\/www.lajarbelle.com\\\/index.php\\\/2024\\\/01\\\/22\\\/festival-mini-kids-le-festival-des-tout-petits\\\/#primaryimage\"},\"thumbnailUrl\":\"https:\\\/\\\/www.lajarbelle.com\\\/wp-content\\\/uploads\\\/2024\\\/01\\\/mini-kids.jpg\",\"keywords\":[\"enfant\",\"famille\",\"festival\",\"hiver\",\"neige\"],\"articleSection\":[\"Attractions\",\"Culture et divertissements\",\"information g\u00e9n\u00e9rale\",\"Sports hiver\"],\"inLanguage\":\"fr-FR\"},{\"@type\":\"WebPage\",\"@id\":\"https:\\\/\\\/www.lajarbelle.com\\\/index.php\\\/2024\\\/01\\\/22\\\/festival-mini-kids-le-festival-des-tout-petits\\\/\",\"url\":\"https:\\\/\\\/www.lajarbelle.com\\\/index.php\\\/2024\\\/01\\\/22\\\/festival-mini-kids-le-festival-des-tout-petits\\\/\",\"name\":\"Festival Mini Kids : le festival des tout-petits ! Du 06 au 08 f\u00e9vrier 2024\u00a0 - La Jarbelle - G\u00eetes et Spa\",\"isPartOf\":{\"@id\":\"https:\\\/\\\/www.lajarbelle.com\\\/#website\"},\"primaryImageOfPage\":{\"@id\":\"https:\\\/\\\/www.lajarbelle.com\\\/index.php\\\/2024\\\/01\\\/22\\\/festival-mini-kids-le-festival-des-tout-petits\\\/#primaryimage\"},\"image\":{\"@id\":\"https:\\\/\\\/www.lajarbelle.com\\\/index.php\\\/2024\\\/01\\\/22\\\/festival-mini-kids-le-festival-des-tout-petits\\\/#primaryimage\"},\"thumbnailUrl\":\"https:\\\/\\\/www.lajarbelle.com\\\/wp-content\\\/uploads\\\/2024\\\/01\\\/mini-kids.jpg\",\"datePublished\":\"2024-01-22T14:59:27+00:00\",\"dateModified\":\"2024-01-22T15:19:53+00:00\",\"breadcrumb\":{\"@id\":\"https:\\\/\\\/www.lajarbelle.com\\\/index.php\\\/2024\\\/01\\\/22\\\/festival-mini-kids-le-festival-des-tout-petits\\\/#breadcrumb\"},\"inLanguage\":\"fr-FR\",\"potentialAction\":[{\"@type\":\"ReadAction\",\"target\":[\"https:\\\/\\\/www.lajarbelle.com\\\/index.php\\\/2024\\\/01\\\/22\\\/festival-mini-kids-le-festival-des-tout-petits\\\/\"]}]},{\"@type\":\"ImageObject\",\"inLanguage\":\"fr-FR\",\"@id\":\"https:\\\/\\\/www.lajarbelle.com\\\/index.php\\\/2024\\\/01\\\/22\\\/festival-mini-kids-le-festival-des-tout-petits\\\/#primaryimage\",\"url\":\"https:\\\/\\\/www.lajarbelle.com\\\/wp-content\\\/uploads\\\/2024\\\/01\\\/mini-kids.jpg\",\"contentUrl\":\"https:\\\/\\\/www.lajarbelle.com\\\/wp-content\\\/uploads\\\/2024\\\/01\\\/mini-kids.jpg\",\"width\":400,\"height\":280},{\"@type\":\"BreadcrumbList\",\"@id\":\"https:\\\/\\\/www.lajarbelle.com\\\/index.php\\\/2024\\\/01\\\/22\\\/festival-mini-kids-le-festival-des-tout-petits\\\/#breadcrumb\",\"itemListElement\":[{\"@type\":\"ListItem\",\"position\":1,\"name\":\"Accueil\",\"item\":\"https:\\\/\\\/www.lajarbelle.com\\\/\"},{\"@type\":\"ListItem\",\"position\":2,\"name\":\"Festival Mini Kids : le festival des tout-petits ! Du 06 au 08 f\u00e9vrier 2024\u00a0\"}]},{\"@type\":\"WebSite\",\"@id\":\"https:\\\/\\\/www.lajarbelle.com\\\/#website\",\"url\":\"https:\\\/\\\/www.lajarbelle.com\\\/\",\"name\":\"La Jarbelle - G\u00eetes et Spa\",\"description\":\"Le bien-\u00eatre \u00e0 la montagne\",\"publisher\":{\"@id\":\"https:\\\/\\\/www.lajarbelle.com\\\/#organization\"},\"potentialAction\":[{\"@type\":\"SearchAction\",\"target\":{\"@type\":\"EntryPoint\",\"urlTemplate\":\"https:\\\/\\\/www.lajarbelle.com\\\/?s={search_term_string}\"},\"query-input\":{\"@type\":\"PropertyValueSpecification\",\"valueRequired\":true,\"valueName\":\"search_term_string\"}}],\"inLanguage\":\"fr-FR\"},{\"@type\":\"Organization\",\"@id\":\"https:\\\/\\\/www.lajarbelle.com\\\/#organization\",\"name\":\"SAS LA JARBELLE\",\"url\":\"https:\\\/\\\/www.lajarbelle.com\\\/\",\"logo\":{\"@type\":\"ImageObject\",\"inLanguage\":\"fr-FR\",\"@id\":\"https:\\\/\\\/www.lajarbelle.com\\\/#\\\/schema\\\/logo\\\/image\\\/\",\"url\":\"https:\\\/\\\/www.lajarbelle.com\\\/wp-content\\\/uploads\\\/2020\\\/05\\\/icone_lajarbelle.png\",\"contentUrl\":\"https:\\\/\\\/www.lajarbelle.com\\\/wp-content\\\/uploads\\\/2020\\\/05\\\/icone_lajarbelle.png\",\"width\":250,\"height\":250,\"caption\":\"SAS LA JARBELLE\"},\"image\":{\"@id\":\"https:\\\/\\\/www.lajarbelle.com\\\/#\\\/schema\\\/logo\\\/image\\\/\"},\"sameAs\":[\"https:\\\/\\\/www.facebook.com\\\/gitelajarbelle\",\"https:\\\/\\\/x.com\\\/lajarbelle\",\"https:\\\/\\\/instagram.com\\\/gite_lajarbelle\",\"http:\\\/\\\/www.linkedin.com\\\/in\\\/guillaume-plisson-05200\",\"https:\\\/\\\/www.pinterest.fr\\\/lajarbelle\"]},{\"@type\":\"Person\",\"@id\":\"https:\\\/\\\/www.lajarbelle.com\\\/#\\\/schema\\\/person\\\/afa2d71425f6eacce0931f3031f7d80f\",\"name\":\"La jarbelle\",\"image\":{\"@type\":\"ImageObject\",\"inLanguage\":\"fr-FR\",\"@id\":\"https:\\\/\\\/secure.gravatar.com\\\/avatar\\\/3e736281943c32c619f314e14fd361dad3c4e800935c4fe65c9df7cd105cd96c?s=96&d=mm&r=g\",\"url\":\"https:\\\/\\\/secure.gravatar.com\\\/avatar\\\/3e736281943c32c619f314e14fd361dad3c4e800935c4fe65c9df7cd105cd96c?s=96&d=mm&r=g\",\"contentUrl\":\"https:\\\/\\\/secure.gravatar.com\\\/avatar\\\/3e736281943c32c619f314e14fd361dad3c4e800935c4fe65c9df7cd105cd96c?s=96&d=mm&r=g\",\"caption\":\"La jarbelle\"}}]}<\/script>\n<!-- \/ Yoast SEO Premium plugin. -->","yoast_head_json":{"title":"Festival Mini Kids : le festival des tout-petits ! Du 06 au 08 f\u00e9vrier 2024\u00a0 - La Jarbelle - G\u00eetes et Spa","robots":{"index":"index","follow":"follow","max-snippet":"max-snippet:-1","max-image-preview":"max-image-preview:large","max-video-preview":"max-video-preview:-1"},"canonical":"https:\/\/www.lajarbelle.com\/index.php\/2024\/01\/22\/festival-mini-kids-le-festival-des-tout-petits\/","og_locale":"fr_FR","og_type":"article","og_title":"Festival Mini Kids : le festival des tout-petits ! Du 06 au 08 f\u00e9vrier 2024\u00a0","og_description":"Les enfants de 3 \u00e0 6 ans ont leur propre festival aux Orres ! Un programme sp\u00e9cialement con\u00e7us pour les&nbsp;familles, pour que vos moments de&nbsp;complicit\u00e9&nbsp;et de&nbsp;partage&nbsp;soient inoubliables.&nbsp; 3 jours de&nbsp;spectacles, de&nbsp;films&nbsp;d&rsquo;animations, de&nbsp;chasses au Tr\u00e9s&rsquo;Orres, une rencontre et des c\u00e2lins avec la mascotte&nbsp;L&rsquo;Happy, un&nbsp;mini-disco&nbsp;pour enflammer le dancefloor, un atelier&nbsp;maquillage, des mini-olympiades&#8230; R\u00eaver, s&rsquo;\u00e9merveiller, danser et s&rsquo;amuser [&hellip;]","og_url":"https:\/\/www.lajarbelle.com\/index.php\/2024\/01\/22\/festival-mini-kids-le-festival-des-tout-petits\/","og_site_name":"La Jarbelle - G\u00eetes et Spa","article_publisher":"https:\/\/www.facebook.com\/gitelajarbelle","article_published_time":"2024-01-22T14:59:27+00:00","article_modified_time":"2024-01-22T15:19:53+00:00","og_image":[{"width":400,"height":280,"url":"https:\/\/www.lajarbelle.com\/wp-content\/uploads\/2024\/01\/mini-kids.jpg","type":"image\/jpeg"}],"author":"La jarbelle","twitter_card":"summary_large_image","twitter_creator":"@lajarbelle","twitter_site":"@lajarbelle","twitter_misc":{"\u00c9crit par":"La jarbelle","Dur\u00e9e de lecture estim\u00e9e":"1 minute"},"schema":{"@context":"https:\/\/schema.org","@graph":[{"@type":"Article","@id":"https:\/\/www.lajarbelle.com\/index.php\/2024\/01\/22\/festival-mini-kids-le-festival-des-tout-petits\/#article","isPartOf":{"@id":"https:\/\/www.lajarbelle.com\/index.php\/2024\/01\/22\/festival-mini-kids-le-festival-des-tout-petits\/"},"author":{"name":"La jarbelle","@id":"https:\/\/www.lajarbelle.com\/#\/schema\/person\/afa2d71425f6eacce0931f3031f7d80f"},"headline":"Festival Mini Kids : le festival des tout-petits ! Du 06 au 08 f\u00e9vrier 2024\u00a0","datePublished":"2024-01-22T14:59:27+00:00","dateModified":"2024-01-22T15:19:53+00:00","mainEntityOfPage":{"@id":"https:\/\/www.lajarbelle.com\/index.php\/2024\/01\/22\/festival-mini-kids-le-festival-des-tout-petits\/"},"wordCount":117,"publisher":{"@id":"https:\/\/www.lajarbelle.com\/#organization"},"image":{"@id":"https:\/\/www.lajarbelle.com\/index.php\/2024\/01\/22\/festival-mini-kids-le-festival-des-tout-petits\/#primaryimage"},"thumbnailUrl":"https:\/\/www.lajarbelle.com\/wp-content\/uploads\/2024\/01\/mini-kids.jpg","keywords":["enfant","famille","festival","hiver","neige"],"articleSection":["Attractions","Culture et divertissements","information g\u00e9n\u00e9rale","Sports hiver"],"inLanguage":"fr-FR"},{"@type":"WebPage","@id":"https:\/\/www.lajarbelle.com\/index.php\/2024\/01\/22\/festival-mini-kids-le-festival-des-tout-petits\/","url":"https:\/\/www.lajarbelle.com\/index.php\/2024\/01\/22\/festival-mini-kids-le-festival-des-tout-petits\/","name":"Festival Mini Kids : le festival des tout-petits ! Du 06 au 08 f\u00e9vrier 2024\u00a0 - La Jarbelle - G\u00eetes et Spa","isPartOf":{"@id":"https:\/\/www.lajarbelle.com\/#website"},"primaryImageOfPage":{"@id":"https:\/\/www.lajarbelle.com\/index.php\/2024\/01\/22\/festival-mini-kids-le-festival-des-tout-petits\/#primaryimage"},"image":{"@id":"https:\/\/www.lajarbelle.com\/index.php\/2024\/01\/22\/festival-mini-kids-le-festival-des-tout-petits\/#primaryimage"},"thumbnailUrl":"https:\/\/www.lajarbelle.com\/wp-content\/uploads\/2024\/01\/mini-kids.jpg","datePublished":"2024-01-22T14:59:27+00:00","dateModified":"2024-01-22T15:19:53+00:00","breadcrumb":{"@id":"https:\/\/www.lajarbelle.com\/index.php\/2024\/01\/22\/festival-mini-kids-le-festival-des-tout-petits\/#breadcrumb"},"inLanguage":"fr-FR","potentialAction":[{"@type":"ReadAction","target":["https:\/\/www.lajarbelle.com\/index.php\/2024\/01\/22\/festival-mini-kids-le-festival-des-tout-petits\/"]}]},{"@type":"ImageObject","inLanguage":"fr-FR","@id":"https:\/\/www.lajarbelle.com\/index.php\/2024\/01\/22\/festival-mini-kids-le-festival-des-tout-petits\/#primaryimage","url":"https:\/\/www.lajarbelle.com\/wp-content\/uploads\/2024\/01\/mini-kids.jpg","contentUrl":"https:\/\/www.lajarbelle.com\/wp-content\/uploads\/2024\/01\/mini-kids.jpg","width":400,"height":280},{"@type":"BreadcrumbList","@id":"https:\/\/www.lajarbelle.com\/index.php\/2024\/01\/22\/festival-mini-kids-le-festival-des-tout-petits\/#breadcrumb","itemListElement":[{"@type":"ListItem","position":1,"name":"Accueil","item":"https:\/\/www.lajarbelle.com\/"},{"@type":"ListItem","position":2,"name":"Festival Mini Kids : le festival des tout-petits ! Du 06 au 08 f\u00e9vrier 2024\u00a0"}]},{"@type":"WebSite","@id":"https:\/\/www.lajarbelle.com\/#website","url":"https:\/\/www.lajarbelle.com\/","name":"La Jarbelle - G\u00eetes et Spa","description":"Le bien-\u00eatre \u00e0 la montagne","publisher":{"@id":"https:\/\/www.lajarbelle.com\/#organization"},"potentialAction":[{"@type":"SearchAction","target":{"@type":"EntryPoint","urlTemplate":"https:\/\/www.lajarbelle.com\/?s={search_term_string}"},"query-input":{"@type":"PropertyValueSpecification","valueRequired":true,"valueName":"search_term_string"}}],"inLanguage":"fr-FR"},{"@type":"Organization","@id":"https:\/\/www.lajarbelle.com\/#organization","name":"SAS LA JARBELLE","url":"https:\/\/www.lajarbelle.com\/","logo":{"@type":"ImageObject","inLanguage":"fr-FR","@id":"https:\/\/www.lajarbelle.com\/#\/schema\/logo\/image\/","url":"https:\/\/www.lajarbelle.com\/wp-content\/uploads\/2020\/05\/icone_lajarbelle.png","contentUrl":"https:\/\/www.lajarbelle.com\/wp-content\/uploads\/2020\/05\/icone_lajarbelle.png","width":250,"height":250,"caption":"SAS LA JARBELLE"},"image":{"@id":"https:\/\/www.lajarbelle.com\/#\/schema\/logo\/image\/"},"sameAs":["https:\/\/www.facebook.com\/gitelajarbelle","https:\/\/x.com\/lajarbelle","https:\/\/instagram.com\/gite_lajarbelle","http:\/\/www.linkedin.com\/in\/guillaume-plisson-05200","https:\/\/www.pinterest.fr\/lajarbelle"]},{"@type":"Person","@id":"https:\/\/www.lajarbelle.com\/#\/schema\/person\/afa2d71425f6eacce0931f3031f7d80f","name":"La jarbelle","image":{"@type":"ImageObject","inLanguage":"fr-FR","@id":"https:\/\/secure.gravatar.com\/avatar\/3e736281943c32c619f314e14fd361dad3c4e800935c4fe65c9df7cd105cd96c?s=96&d=mm&r=g","url":"https:\/\/secure.gravatar.com\/avatar\/3e736281943c32c619f314e14fd361dad3c4e800935c4fe65c9df7cd105cd96c?s=96&d=mm&r=g","contentUrl":"https:\/\/secure.gravatar.com\/avatar\/3e736281943c32c619f314e14fd361dad3c4e800935c4fe65c9df7cd105cd96c?s=96&d=mm&r=g","caption":"La jarbelle"}}]}},"_links":{"self":[{"href":"https:\/\/www.lajarbelle.com\/index.php\/wp-json\/wp\/v2\/posts\/7970","targetHints":{"allow":["GET"]}}],"collection":[{"href":"https:\/\/www.lajarbelle.com\/index.php\/wp-json\/wp\/v2\/posts"}],"about":[{"href":"https:\/\/www.lajarbelle.com\/index.php\/wp-json\/wp\/v2\/types\/post"}],"author":[{"embeddable":true,"href":"https:\/\/www.lajarbelle.com\/index.php\/wp-json\/wp\/v2\/users\/1"}],"replies":[{"embeddable":true,"href":"https:\/\/www.lajarbelle.com\/index.php\/wp-json\/wp\/v2\/comments?post=7970"}],"version-history":[{"count":8,"href":"https:\/\/www.lajarbelle.com\/index.php\/wp-json\/wp\/v2\/posts\/7970\/revisions"}],"predecessor-version":[{"id":7981,"href":"https:\/\/www.lajarbelle.com\/index.php\/wp-json\/wp\/v2\/posts\/7970\/revisions\/7981"}],"wp:featuredmedia":[{"embeddable":true,"href":"https:\/\/www.lajarbelle.com\/index.php\/wp-json\/wp\/v2\/media\/7971"}],"wp:attachment":[{"href":"https:\/\/www.lajarbelle.com\/index.php\/wp-json\/wp\/v2\/media?parent=7970"}],"wp:term":[{"taxonomy":"category","embeddable":true,"href":"https:\/\/www.lajarbelle.com\/index.php\/wp-json\/wp\/v2\/categories?post=7970"},{"taxonomy":"post_tag","embeddable":true,"href":"https:\/\/www.lajarbelle.com\/index.php\/wp-json\/wp\/v2\/tags?post=7970"}],"curies":[{"name":"wp","href":"https:\/\/api.w.org\/{rel}","templated":true}]}}