{"id":8221,"date":"2024-05-16T10:48:28","date_gmt":"2024-05-16T08:48:28","guid":{"rendered":"https:\/\/www.lajarbelle.com\/?p=8221"},"modified":"2024-05-16T11:16:56","modified_gmt":"2024-05-16T09:16:56","slug":"week-end-douverture-rdv-le-15-juin-2024-et-girly-ride-2024-le-23-et-24-juin-2024","status":"publish","type":"post","link":"https:\/\/www.lajarbelle.com\/index.php\/2024\/05\/16\/week-end-douverture-rdv-le-15-juin-2024-et-girly-ride-2024-le-23-et-24-juin-2024\/","title":{"rendered":"RDV LE 15 JUIN 2024 pour la pr\u00e9-ouverture du bike-Park de la station des Orres et le 23 et 24 JUIN pour la GIRLY RIDE 2024"},"content":{"rendered":"\t\t<div data-elementor-type=\"wp-post\" data-elementor-id=\"8221\" class=\"elementor elementor-8221\" data-elementor-post-type=\"post\">\n\t\t\t\t\t\t<section class=\"elementor-section elementor-top-section elementor-element elementor-element-282e8ad elementor-section-boxed elementor-section-height-default elementor-section-height-default\" data-id=\"282e8ad\" data-element_type=\"section\" data-e-type=\"section\">\n\t\t\t\t\t\t<div class=\"elementor-container elementor-column-gap-default\">\n\t\t\t\t\t<div class=\"elementor-column elementor-col-100 elementor-top-column elementor-element elementor-element-68eafbe3\" data-id=\"68eafbe3\" data-element_type=\"column\" data-e-type=\"column\">\n\t\t\t<div class=\"elementor-widget-wrap elementor-element-populated\">\n\t\t\t\t\t\t<div class=\"elementor-element elementor-element-1099e023 elementor-widget elementor-widget-text-editor\" data-id=\"1099e023\" data-element_type=\"widget\" data-e-type=\"widget\" data-widget_type=\"text-editor.default\">\n\t\t\t\t<div class=\"elementor-widget-container\">\n\t\t\t\t\t\t\t\t\t\n<p><\/p>\n\n\n\n<p><\/p>\n\t\t\t\t\t\t\t\t<\/div>\n\t\t\t\t<\/div>\n\t\t\t\t\t<\/div>\n\t\t<\/div>\n\t\t\t\t\t<\/div>\n\t\t<\/section>\n\t\t<div class=\"elementor-element elementor-element-a575a8a e-flex e-con-boxed e-con e-parent\" data-id=\"a575a8a\" data-element_type=\"container\" data-e-type=\"container\">\n\t\t\t\t\t<div class=\"e-con-inner\">\n\t\t\t\t<div class=\"elementor-element elementor-element-d13dcb8 elementor-widget elementor-widget-text-editor\" data-id=\"d13dcb8\" data-element_type=\"widget\" data-e-type=\"widget\" data-widget_type=\"text-editor.default\">\n\t\t\t\t<div class=\"elementor-widget-container\">\n\t\t\t\t\t\t\t\t\t<div>\n<table style=\"height: 222px;\" role=\"presentation\" border=\"0\" width=\"178\" cellspacing=\"0\" cellpadding=\"0\" align=\"center\">\n<tbody>\n<tr>\n<td>\n<div class=\"m_-4750337673824236386mj-column-per-100\">\n<table role=\"presentation\" border=\"0\" width=\"100%\" cellspacing=\"0\" cellpadding=\"0\">\n<tbody>\n<tr>\n<td align=\"center\">\n<table role=\"presentation\" border=\"0\" cellspacing=\"0\" cellpadding=\"0\">\n<tbody>\n<tr>\n<td>\n<p><img decoding=\"async\" src=\"https:\/\/www.lesorres.com\/sites\/default\/files\/styles\/extra_large\/public\/images\/lesorresgirlyride2023aureliebellet55.jpg?itok=dyyIk9AE\" alt=\"Girly Ride 2023 Les Orres VTT Les Orres\" \/><\/p>\n<\/td>\n<\/tr>\n<\/tbody>\n<\/table>\n<\/td>\n<\/tr>\n<\/tbody>\n<\/table>\n<\/div>\n<\/td>\n<\/tr>\n<\/tbody>\n<\/table>\n<\/div>\n<div>\n<div class=\"field__item\">\n<div class=\"paragraph paragraph--type--big-title-3-img paragraph--view-mode--default\">\n<div class=\"wrapper container\">\n<div class=\"group-intro\">\n<div class=\"group-presentation\">\n<div class=\"clearfix text-formatted field field--name-field-texte-d-introduction field--type-text-long field--label-hidden field__item\">\n<h3 data-testid=\"TDn1YsfuRyTaaN2c-inDW\"><strong>SAMEDI 15 ET DIMANCHE 16 JUIN 2024<\/strong><\/h3>\n<p data-testid=\"TDn1YsfuRyTaaN2c-inDW\"><strong>L&rsquo;opening<\/strong>\u00a0<strong>Les Orres Bike Park<\/strong>, c&rsquo;est l&rsquo;\u00e9chauffement avant la grande saison estivale! Rides avec le Ride&rsquo;n Crew, concert, animation musicale, winnings tickets&#8230;\u00a0<\/p>\n<p data-testid=\"TDn1YsfuRyTaaN2c-inDW\">Soyez les premiers \u00e0 faire chauffer les pistes fra\u00eechement shap\u00e9es !\u00a0<\/p>\n<h3><strong>SAMEDI 22 ET DIMANCHE 23 JUIN 2024<\/strong><\/h3>\n<p>Le\u00a0<strong>Girly Ride,<\/strong>\u00a0c&rsquo;est\u00a02 jours de<strong>\u00a0VTT entre filles, ouvert \u00e0 toutes,\u00a0<\/strong>d\u00e9butantes ou expertes, sur le\u00a0<a href=\"https:\/\/www.lesorres.com\/sur-place\/vtt-bike-park\"><strong>BIKE PARK des Orres<\/strong><\/a><strong>.<\/strong>\u00a0<\/p>\n<p>Un encadrement\u00a0<strong>par niveau<\/strong>\u00a0pour\u00a0<strong>progresser<\/strong>, du\u00a0<strong>temps libre<\/strong>\u00a0sur les pistes, le tout agr\u00e9ment\u00e9 de\u00a0<strong>moments conviviaux<\/strong>.<\/p>\n<p><a class=\"btn btn-1\" href=\"https:\/\/activites.lesorres.com\/fr\/Girly-Ride\" target=\"_blank\" rel=\"noopener\">S&rsquo;INSCRIRE<\/a><\/p>\n<\/div>\n<\/div>\n<\/div>\n<\/div>\n<\/div>\n<\/div>\n<\/div>\t\t\t\t\t\t\t\t<\/div>\n\t\t\t\t<\/div>\n\t\t\t\t\t<\/div>\n\t\t\t\t<\/div>\n\t\t\t\t<\/div>\n\t\t","protected":false},"excerpt":{"rendered":"<p>SAMEDI 15 ET DIMANCHE 16 JUIN 2024 L&rsquo;opening&nbsp;Les Orres Bike Park, c&rsquo;est l&rsquo;\u00e9chauffement avant la grande saison estivale! Rides avec le Ride&rsquo;n Crew, concert, animation musicale, winnings tickets&#8230;&nbsp; Soyez les premiers \u00e0 faire chauffer les pistes fra\u00eechement shap\u00e9es !&nbsp; SAMEDI 22 ET DIMANCHE 23 JUIN 2024 Le&nbsp;Girly Ride,&nbsp;c&rsquo;est&nbsp;2 jours de&nbsp;VTT entre filles, ouvert \u00e0 toutes,&nbsp;d\u00e9butantes [&hellip;]<\/p>\n","protected":false},"author":1,"featured_media":8228,"comment_status":"closed","ping_status":"open","sticky":false,"template":"","format":"standard","meta":{"footnotes":""},"categories":[17,82,79,19],"tags":[143,140,118,142,117,144,145,138,129,146,141],"class_list":["post-8221","post","type-post","status-publish","format-standard","has-post-thumbnail","hentry","category-attractions","category-info-generale","category-sports-ete","category-vacances","tag-descente","tag-dh","tag-enfant","tag-ete","tag-famille","tag-fille","tag-girly","tag-hiver","tag-montagne","tag-ride","tag-vtt"],"yoast_head":"<!-- This site is optimized with the Yoast SEO Premium plugin v25.6 (Yoast SEO v27.5) - https:\/\/yoast.com\/product\/yoast-seo-premium-wordpress\/ -->\n<title>RDV LE 15 JUIN 2024 pour la pr\u00e9-ouverture du bike-Park de la station des Orres et le 23 et 24 JUIN pour la GIRLY RIDE 2024 - La Jarbelle - G\u00eetes et Spa<\/title>\n<meta name=\"robots\" content=\"index, follow, max-snippet:-1, max-image-preview:large, max-video-preview:-1\" \/>\n<link rel=\"canonical\" href=\"https:\/\/www.lajarbelle.com\/index.php\/2024\/05\/16\/week-end-douverture-rdv-le-15-juin-2024-et-girly-ride-2024-le-23-et-24-juin-2024\/\" \/>\n<meta property=\"og:locale\" content=\"fr_FR\" \/>\n<meta property=\"og:type\" content=\"article\" \/>\n<meta property=\"og:title\" content=\"RDV LE 15 JUIN 2024 pour la pr\u00e9-ouverture du bike-Park de la station des Orres et le 23 et 24 JUIN pour la GIRLY RIDE 2024\" \/>\n<meta property=\"og:description\" content=\"SAMEDI 15 ET DIMANCHE 16 JUIN 2024 L&rsquo;opening&nbsp;Les Orres Bike Park, c&rsquo;est l&rsquo;\u00e9chauffement avant la grande saison estivale! Rides avec le Ride&rsquo;n Crew, concert, animation musicale, winnings tickets&#8230;&nbsp; Soyez les premiers \u00e0 faire chauffer les pistes fra\u00eechement shap\u00e9es !&nbsp; SAMEDI 22 ET DIMANCHE 23 JUIN 2024 Le&nbsp;Girly Ride,&nbsp;c&rsquo;est&nbsp;2 jours de&nbsp;VTT entre filles, ouvert \u00e0 toutes,&nbsp;d\u00e9butantes [&hellip;]\" \/>\n<meta property=\"og:url\" content=\"https:\/\/www.lajarbelle.com\/index.php\/2024\/05\/16\/week-end-douverture-rdv-le-15-juin-2024-et-girly-ride-2024-le-23-et-24-juin-2024\/\" \/>\n<meta property=\"og:site_name\" content=\"La Jarbelle - G\u00eetes et Spa\" \/>\n<meta property=\"article:publisher\" content=\"https:\/\/www.facebook.com\/gitelajarbelle\" \/>\n<meta property=\"article:published_time\" content=\"2024-05-16T08:48:28+00:00\" \/>\n<meta property=\"article:modified_time\" content=\"2024-05-16T09:16:56+00:00\" \/>\n<meta property=\"og:image\" content=\"https:\/\/www.lajarbelle.com\/wp-content\/uploads\/2024\/05\/pre-ouverture-15-juin-24.webp\" \/>\n\t<meta property=\"og:image:width\" content=\"1900\" \/>\n\t<meta property=\"og:image:height\" content=\"800\" \/>\n\t<meta property=\"og:image:type\" content=\"image\/webp\" \/>\n<meta name=\"author\" content=\"La jarbelle\" \/>\n<meta name=\"twitter:card\" content=\"summary_large_image\" \/>\n<meta name=\"twitter:creator\" content=\"@lajarbelle\" \/>\n<meta name=\"twitter:site\" content=\"@lajarbelle\" \/>\n<meta name=\"twitter:label1\" content=\"\u00c9crit par\" \/>\n\t<meta name=\"twitter:data1\" content=\"La jarbelle\" \/>\n\t<meta name=\"twitter:label2\" content=\"Dur\u00e9e de lecture estim\u00e9e\" \/>\n\t<meta name=\"twitter:data2\" content=\"1 minute\" \/>\n<script type=\"application\/ld+json\" class=\"yoast-schema-graph\">{\"@context\":\"https:\\\/\\\/schema.org\",\"@graph\":[{\"@type\":\"Article\",\"@id\":\"https:\\\/\\\/www.lajarbelle.com\\\/index.php\\\/2024\\\/05\\\/16\\\/week-end-douverture-rdv-le-15-juin-2024-et-girly-ride-2024-le-23-et-24-juin-2024\\\/#article\",\"isPartOf\":{\"@id\":\"https:\\\/\\\/www.lajarbelle.com\\\/index.php\\\/2024\\\/05\\\/16\\\/week-end-douverture-rdv-le-15-juin-2024-et-girly-ride-2024-le-23-et-24-juin-2024\\\/\"},\"author\":{\"name\":\"La jarbelle\",\"@id\":\"https:\\\/\\\/www.lajarbelle.com\\\/#\\\/schema\\\/person\\\/afa2d71425f6eacce0931f3031f7d80f\"},\"headline\":\"RDV LE 15 JUIN 2024 pour la pr\u00e9-ouverture du bike-Park de la station des Orres et le 23 et 24 JUIN pour la GIRLY RIDE 2024\",\"datePublished\":\"2024-05-16T08:48:28+00:00\",\"dateModified\":\"2024-05-16T09:16:56+00:00\",\"mainEntityOfPage\":{\"@id\":\"https:\\\/\\\/www.lajarbelle.com\\\/index.php\\\/2024\\\/05\\\/16\\\/week-end-douverture-rdv-le-15-juin-2024-et-girly-ride-2024-le-23-et-24-juin-2024\\\/\"},\"wordCount\":121,\"publisher\":{\"@id\":\"https:\\\/\\\/www.lajarbelle.com\\\/#organization\"},\"image\":{\"@id\":\"https:\\\/\\\/www.lajarbelle.com\\\/index.php\\\/2024\\\/05\\\/16\\\/week-end-douverture-rdv-le-15-juin-2024-et-girly-ride-2024-le-23-et-24-juin-2024\\\/#primaryimage\"},\"thumbnailUrl\":\"https:\\\/\\\/www.lajarbelle.com\\\/wp-content\\\/uploads\\\/2024\\\/05\\\/pre-ouverture-15-juin-24.webp\",\"keywords\":[\"descente\",\"DH\",\"enfant\",\"\u00e9t\u00e9\",\"famille\",\"fille\",\"Girly\",\"hiver\",\"montagne\",\"ride\",\"VTT\"],\"articleSection\":[\"Attractions\",\"information g\u00e9n\u00e9rale\",\"Sports \u00e9t\u00e9\",\"Vacances\"],\"inLanguage\":\"fr-FR\"},{\"@type\":\"WebPage\",\"@id\":\"https:\\\/\\\/www.lajarbelle.com\\\/index.php\\\/2024\\\/05\\\/16\\\/week-end-douverture-rdv-le-15-juin-2024-et-girly-ride-2024-le-23-et-24-juin-2024\\\/\",\"url\":\"https:\\\/\\\/www.lajarbelle.com\\\/index.php\\\/2024\\\/05\\\/16\\\/week-end-douverture-rdv-le-15-juin-2024-et-girly-ride-2024-le-23-et-24-juin-2024\\\/\",\"name\":\"RDV LE 15 JUIN 2024 pour la pr\u00e9-ouverture du bike-Park de la station des Orres et le 23 et 24 JUIN pour la GIRLY RIDE 2024 - La Jarbelle - G\u00eetes et Spa\",\"isPartOf\":{\"@id\":\"https:\\\/\\\/www.lajarbelle.com\\\/#website\"},\"primaryImageOfPage\":{\"@id\":\"https:\\\/\\\/www.lajarbelle.com\\\/index.php\\\/2024\\\/05\\\/16\\\/week-end-douverture-rdv-le-15-juin-2024-et-girly-ride-2024-le-23-et-24-juin-2024\\\/#primaryimage\"},\"image\":{\"@id\":\"https:\\\/\\\/www.lajarbelle.com\\\/index.php\\\/2024\\\/05\\\/16\\\/week-end-douverture-rdv-le-15-juin-2024-et-girly-ride-2024-le-23-et-24-juin-2024\\\/#primaryimage\"},\"thumbnailUrl\":\"https:\\\/\\\/www.lajarbelle.com\\\/wp-content\\\/uploads\\\/2024\\\/05\\\/pre-ouverture-15-juin-24.webp\",\"datePublished\":\"2024-05-16T08:48:28+00:00\",\"dateModified\":\"2024-05-16T09:16:56+00:00\",\"breadcrumb\":{\"@id\":\"https:\\\/\\\/www.lajarbelle.com\\\/index.php\\\/2024\\\/05\\\/16\\\/week-end-douverture-rdv-le-15-juin-2024-et-girly-ride-2024-le-23-et-24-juin-2024\\\/#breadcrumb\"},\"inLanguage\":\"fr-FR\",\"potentialAction\":[{\"@type\":\"ReadAction\",\"target\":[\"https:\\\/\\\/www.lajarbelle.com\\\/index.php\\\/2024\\\/05\\\/16\\\/week-end-douverture-rdv-le-15-juin-2024-et-girly-ride-2024-le-23-et-24-juin-2024\\\/\"]}]},{\"@type\":\"ImageObject\",\"inLanguage\":\"fr-FR\",\"@id\":\"https:\\\/\\\/www.lajarbelle.com\\\/index.php\\\/2024\\\/05\\\/16\\\/week-end-douverture-rdv-le-15-juin-2024-et-girly-ride-2024-le-23-et-24-juin-2024\\\/#primaryimage\",\"url\":\"https:\\\/\\\/www.lajarbelle.com\\\/wp-content\\\/uploads\\\/2024\\\/05\\\/pre-ouverture-15-juin-24.webp\",\"contentUrl\":\"https:\\\/\\\/www.lajarbelle.com\\\/wp-content\\\/uploads\\\/2024\\\/05\\\/pre-ouverture-15-juin-24.webp\",\"width\":1900,\"height\":800},{\"@type\":\"BreadcrumbList\",\"@id\":\"https:\\\/\\\/www.lajarbelle.com\\\/index.php\\\/2024\\\/05\\\/16\\\/week-end-douverture-rdv-le-15-juin-2024-et-girly-ride-2024-le-23-et-24-juin-2024\\\/#breadcrumb\",\"itemListElement\":[{\"@type\":\"ListItem\",\"position\":1,\"name\":\"Accueil\",\"item\":\"https:\\\/\\\/www.lajarbelle.com\\\/\"},{\"@type\":\"ListItem\",\"position\":2,\"name\":\"RDV LE 15 JUIN 2024 pour la pr\u00e9-ouverture du bike-Park de la station des Orres et le 23 et 24 JUIN pour la GIRLY RIDE 2024\"}]},{\"@type\":\"WebSite\",\"@id\":\"https:\\\/\\\/www.lajarbelle.com\\\/#website\",\"url\":\"https:\\\/\\\/www.lajarbelle.com\\\/\",\"name\":\"La Jarbelle - G\u00eetes et Spa\",\"description\":\"Le bien-\u00eatre \u00e0 la montagne\",\"publisher\":{\"@id\":\"https:\\\/\\\/www.lajarbelle.com\\\/#organization\"},\"potentialAction\":[{\"@type\":\"SearchAction\",\"target\":{\"@type\":\"EntryPoint\",\"urlTemplate\":\"https:\\\/\\\/www.lajarbelle.com\\\/?s={search_term_string}\"},\"query-input\":{\"@type\":\"PropertyValueSpecification\",\"valueRequired\":true,\"valueName\":\"search_term_string\"}}],\"inLanguage\":\"fr-FR\"},{\"@type\":\"Organization\",\"@id\":\"https:\\\/\\\/www.lajarbelle.com\\\/#organization\",\"name\":\"SAS LA JARBELLE\",\"url\":\"https:\\\/\\\/www.lajarbelle.com\\\/\",\"logo\":{\"@type\":\"ImageObject\",\"inLanguage\":\"fr-FR\",\"@id\":\"https:\\\/\\\/www.lajarbelle.com\\\/#\\\/schema\\\/logo\\\/image\\\/\",\"url\":\"https:\\\/\\\/www.lajarbelle.com\\\/wp-content\\\/uploads\\\/2020\\\/05\\\/icone_lajarbelle.png\",\"contentUrl\":\"https:\\\/\\\/www.lajarbelle.com\\\/wp-content\\\/uploads\\\/2020\\\/05\\\/icone_lajarbelle.png\",\"width\":250,\"height\":250,\"caption\":\"SAS LA JARBELLE\"},\"image\":{\"@id\":\"https:\\\/\\\/www.lajarbelle.com\\\/#\\\/schema\\\/logo\\\/image\\\/\"},\"sameAs\":[\"https:\\\/\\\/www.facebook.com\\\/gitelajarbelle\",\"https:\\\/\\\/x.com\\\/lajarbelle\",\"https:\\\/\\\/instagram.com\\\/gite_lajarbelle\",\"http:\\\/\\\/www.linkedin.com\\\/in\\\/guillaume-plisson-05200\",\"https:\\\/\\\/www.pinterest.fr\\\/lajarbelle\"]},{\"@type\":\"Person\",\"@id\":\"https:\\\/\\\/www.lajarbelle.com\\\/#\\\/schema\\\/person\\\/afa2d71425f6eacce0931f3031f7d80f\",\"name\":\"La jarbelle\",\"image\":{\"@type\":\"ImageObject\",\"inLanguage\":\"fr-FR\",\"@id\":\"https:\\\/\\\/secure.gravatar.com\\\/avatar\\\/3e736281943c32c619f314e14fd361dad3c4e800935c4fe65c9df7cd105cd96c?s=96&d=mm&r=g\",\"url\":\"https:\\\/\\\/secure.gravatar.com\\\/avatar\\\/3e736281943c32c619f314e14fd361dad3c4e800935c4fe65c9df7cd105cd96c?s=96&d=mm&r=g\",\"contentUrl\":\"https:\\\/\\\/secure.gravatar.com\\\/avatar\\\/3e736281943c32c619f314e14fd361dad3c4e800935c4fe65c9df7cd105cd96c?s=96&d=mm&r=g\",\"caption\":\"La jarbelle\"}}]}<\/script>\n<!-- \/ Yoast SEO Premium plugin. -->","yoast_head_json":{"title":"RDV LE 15 JUIN 2024 pour la pr\u00e9-ouverture du bike-Park de la station des Orres et le 23 et 24 JUIN pour la GIRLY RIDE 2024 - La Jarbelle - G\u00eetes et Spa","robots":{"index":"index","follow":"follow","max-snippet":"max-snippet:-1","max-image-preview":"max-image-preview:large","max-video-preview":"max-video-preview:-1"},"canonical":"https:\/\/www.lajarbelle.com\/index.php\/2024\/05\/16\/week-end-douverture-rdv-le-15-juin-2024-et-girly-ride-2024-le-23-et-24-juin-2024\/","og_locale":"fr_FR","og_type":"article","og_title":"RDV LE 15 JUIN 2024 pour la pr\u00e9-ouverture du bike-Park de la station des Orres et le 23 et 24 JUIN pour la GIRLY RIDE 2024","og_description":"SAMEDI 15 ET DIMANCHE 16 JUIN 2024 L&rsquo;opening&nbsp;Les Orres Bike Park, c&rsquo;est l&rsquo;\u00e9chauffement avant la grande saison estivale! Rides avec le Ride&rsquo;n Crew, concert, animation musicale, winnings tickets&#8230;&nbsp; Soyez les premiers \u00e0 faire chauffer les pistes fra\u00eechement shap\u00e9es !&nbsp; SAMEDI 22 ET DIMANCHE 23 JUIN 2024 Le&nbsp;Girly Ride,&nbsp;c&rsquo;est&nbsp;2 jours de&nbsp;VTT entre filles, ouvert \u00e0 toutes,&nbsp;d\u00e9butantes [&hellip;]","og_url":"https:\/\/www.lajarbelle.com\/index.php\/2024\/05\/16\/week-end-douverture-rdv-le-15-juin-2024-et-girly-ride-2024-le-23-et-24-juin-2024\/","og_site_name":"La Jarbelle - G\u00eetes et Spa","article_publisher":"https:\/\/www.facebook.com\/gitelajarbelle","article_published_time":"2024-05-16T08:48:28+00:00","article_modified_time":"2024-05-16T09:16:56+00:00","og_image":[{"width":1900,"height":800,"url":"https:\/\/www.lajarbelle.com\/wp-content\/uploads\/2024\/05\/pre-ouverture-15-juin-24.webp","type":"image\/webp"}],"author":"La jarbelle","twitter_card":"summary_large_image","twitter_creator":"@lajarbelle","twitter_site":"@lajarbelle","twitter_misc":{"\u00c9crit par":"La jarbelle","Dur\u00e9e de lecture estim\u00e9e":"1 minute"},"schema":{"@context":"https:\/\/schema.org","@graph":[{"@type":"Article","@id":"https:\/\/www.lajarbelle.com\/index.php\/2024\/05\/16\/week-end-douverture-rdv-le-15-juin-2024-et-girly-ride-2024-le-23-et-24-juin-2024\/#article","isPartOf":{"@id":"https:\/\/www.lajarbelle.com\/index.php\/2024\/05\/16\/week-end-douverture-rdv-le-15-juin-2024-et-girly-ride-2024-le-23-et-24-juin-2024\/"},"author":{"name":"La jarbelle","@id":"https:\/\/www.lajarbelle.com\/#\/schema\/person\/afa2d71425f6eacce0931f3031f7d80f"},"headline":"RDV LE 15 JUIN 2024 pour la pr\u00e9-ouverture du bike-Park de la station des Orres et le 23 et 24 JUIN pour la GIRLY RIDE 2024","datePublished":"2024-05-16T08:48:28+00:00","dateModified":"2024-05-16T09:16:56+00:00","mainEntityOfPage":{"@id":"https:\/\/www.lajarbelle.com\/index.php\/2024\/05\/16\/week-end-douverture-rdv-le-15-juin-2024-et-girly-ride-2024-le-23-et-24-juin-2024\/"},"wordCount":121,"publisher":{"@id":"https:\/\/www.lajarbelle.com\/#organization"},"image":{"@id":"https:\/\/www.lajarbelle.com\/index.php\/2024\/05\/16\/week-end-douverture-rdv-le-15-juin-2024-et-girly-ride-2024-le-23-et-24-juin-2024\/#primaryimage"},"thumbnailUrl":"https:\/\/www.lajarbelle.com\/wp-content\/uploads\/2024\/05\/pre-ouverture-15-juin-24.webp","keywords":["descente","DH","enfant","\u00e9t\u00e9","famille","fille","Girly","hiver","montagne","ride","VTT"],"articleSection":["Attractions","information g\u00e9n\u00e9rale","Sports \u00e9t\u00e9","Vacances"],"inLanguage":"fr-FR"},{"@type":"WebPage","@id":"https:\/\/www.lajarbelle.com\/index.php\/2024\/05\/16\/week-end-douverture-rdv-le-15-juin-2024-et-girly-ride-2024-le-23-et-24-juin-2024\/","url":"https:\/\/www.lajarbelle.com\/index.php\/2024\/05\/16\/week-end-douverture-rdv-le-15-juin-2024-et-girly-ride-2024-le-23-et-24-juin-2024\/","name":"RDV LE 15 JUIN 2024 pour la pr\u00e9-ouverture du bike-Park de la station des Orres et le 23 et 24 JUIN pour la GIRLY RIDE 2024 - La Jarbelle - G\u00eetes et Spa","isPartOf":{"@id":"https:\/\/www.lajarbelle.com\/#website"},"primaryImageOfPage":{"@id":"https:\/\/www.lajarbelle.com\/index.php\/2024\/05\/16\/week-end-douverture-rdv-le-15-juin-2024-et-girly-ride-2024-le-23-et-24-juin-2024\/#primaryimage"},"image":{"@id":"https:\/\/www.lajarbelle.com\/index.php\/2024\/05\/16\/week-end-douverture-rdv-le-15-juin-2024-et-girly-ride-2024-le-23-et-24-juin-2024\/#primaryimage"},"thumbnailUrl":"https:\/\/www.lajarbelle.com\/wp-content\/uploads\/2024\/05\/pre-ouverture-15-juin-24.webp","datePublished":"2024-05-16T08:48:28+00:00","dateModified":"2024-05-16T09:16:56+00:00","breadcrumb":{"@id":"https:\/\/www.lajarbelle.com\/index.php\/2024\/05\/16\/week-end-douverture-rdv-le-15-juin-2024-et-girly-ride-2024-le-23-et-24-juin-2024\/#breadcrumb"},"inLanguage":"fr-FR","potentialAction":[{"@type":"ReadAction","target":["https:\/\/www.lajarbelle.com\/index.php\/2024\/05\/16\/week-end-douverture-rdv-le-15-juin-2024-et-girly-ride-2024-le-23-et-24-juin-2024\/"]}]},{"@type":"ImageObject","inLanguage":"fr-FR","@id":"https:\/\/www.lajarbelle.com\/index.php\/2024\/05\/16\/week-end-douverture-rdv-le-15-juin-2024-et-girly-ride-2024-le-23-et-24-juin-2024\/#primaryimage","url":"https:\/\/www.lajarbelle.com\/wp-content\/uploads\/2024\/05\/pre-ouverture-15-juin-24.webp","contentUrl":"https:\/\/www.lajarbelle.com\/wp-content\/uploads\/2024\/05\/pre-ouverture-15-juin-24.webp","width":1900,"height":800},{"@type":"BreadcrumbList","@id":"https:\/\/www.lajarbelle.com\/index.php\/2024\/05\/16\/week-end-douverture-rdv-le-15-juin-2024-et-girly-ride-2024-le-23-et-24-juin-2024\/#breadcrumb","itemListElement":[{"@type":"ListItem","position":1,"name":"Accueil","item":"https:\/\/www.lajarbelle.com\/"},{"@type":"ListItem","position":2,"name":"RDV LE 15 JUIN 2024 pour la pr\u00e9-ouverture du bike-Park de la station des Orres et le 23 et 24 JUIN pour la GIRLY RIDE 2024"}]},{"@type":"WebSite","@id":"https:\/\/www.lajarbelle.com\/#website","url":"https:\/\/www.lajarbelle.com\/","name":"La Jarbelle - G\u00eetes et Spa","description":"Le bien-\u00eatre \u00e0 la montagne","publisher":{"@id":"https:\/\/www.lajarbelle.com\/#organization"},"potentialAction":[{"@type":"SearchAction","target":{"@type":"EntryPoint","urlTemplate":"https:\/\/www.lajarbelle.com\/?s={search_term_string}"},"query-input":{"@type":"PropertyValueSpecification","valueRequired":true,"valueName":"search_term_string"}}],"inLanguage":"fr-FR"},{"@type":"Organization","@id":"https:\/\/www.lajarbelle.com\/#organization","name":"SAS LA JARBELLE","url":"https:\/\/www.lajarbelle.com\/","logo":{"@type":"ImageObject","inLanguage":"fr-FR","@id":"https:\/\/www.lajarbelle.com\/#\/schema\/logo\/image\/","url":"https:\/\/www.lajarbelle.com\/wp-content\/uploads\/2020\/05\/icone_lajarbelle.png","contentUrl":"https:\/\/www.lajarbelle.com\/wp-content\/uploads\/2020\/05\/icone_lajarbelle.png","width":250,"height":250,"caption":"SAS LA JARBELLE"},"image":{"@id":"https:\/\/www.lajarbelle.com\/#\/schema\/logo\/image\/"},"sameAs":["https:\/\/www.facebook.com\/gitelajarbelle","https:\/\/x.com\/lajarbelle","https:\/\/instagram.com\/gite_lajarbelle","http:\/\/www.linkedin.com\/in\/guillaume-plisson-05200","https:\/\/www.pinterest.fr\/lajarbelle"]},{"@type":"Person","@id":"https:\/\/www.lajarbelle.com\/#\/schema\/person\/afa2d71425f6eacce0931f3031f7d80f","name":"La jarbelle","image":{"@type":"ImageObject","inLanguage":"fr-FR","@id":"https:\/\/secure.gravatar.com\/avatar\/3e736281943c32c619f314e14fd361dad3c4e800935c4fe65c9df7cd105cd96c?s=96&d=mm&r=g","url":"https:\/\/secure.gravatar.com\/avatar\/3e736281943c32c619f314e14fd361dad3c4e800935c4fe65c9df7cd105cd96c?s=96&d=mm&r=g","contentUrl":"https:\/\/secure.gravatar.com\/avatar\/3e736281943c32c619f314e14fd361dad3c4e800935c4fe65c9df7cd105cd96c?s=96&d=mm&r=g","caption":"La jarbelle"}}]}},"_links":{"self":[{"href":"https:\/\/www.lajarbelle.com\/index.php\/wp-json\/wp\/v2\/posts\/8221","targetHints":{"allow":["GET"]}}],"collection":[{"href":"https:\/\/www.lajarbelle.com\/index.php\/wp-json\/wp\/v2\/posts"}],"about":[{"href":"https:\/\/www.lajarbelle.com\/index.php\/wp-json\/wp\/v2\/types\/post"}],"author":[{"embeddable":true,"href":"https:\/\/www.lajarbelle.com\/index.php\/wp-json\/wp\/v2\/users\/1"}],"replies":[{"embeddable":true,"href":"https:\/\/www.lajarbelle.com\/index.php\/wp-json\/wp\/v2\/comments?post=8221"}],"version-history":[{"count":16,"href":"https:\/\/www.lajarbelle.com\/index.php\/wp-json\/wp\/v2\/posts\/8221\/revisions"}],"predecessor-version":[{"id":8286,"href":"https:\/\/www.lajarbelle.com\/index.php\/wp-json\/wp\/v2\/posts\/8221\/revisions\/8286"}],"wp:featuredmedia":[{"embeddable":true,"href":"https:\/\/www.lajarbelle.com\/index.php\/wp-json\/wp\/v2\/media\/8228"}],"wp:attachment":[{"href":"https:\/\/www.lajarbelle.com\/index.php\/wp-json\/wp\/v2\/media?parent=8221"}],"wp:term":[{"taxonomy":"category","embeddable":true,"href":"https:\/\/www.lajarbelle.com\/index.php\/wp-json\/wp\/v2\/categories?post=8221"},{"taxonomy":"post_tag","embeddable":true,"href":"https:\/\/www.lajarbelle.com\/index.php\/wp-json\/wp\/v2\/tags?post=8221"}],"curies":[{"name":"wp","href":"https:\/\/api.w.org\/{rel}","templated":true}]}}