{"id":9358,"date":"2025-05-27T09:12:42","date_gmt":"2025-05-27T07:12:42","guid":{"rendered":"https:\/\/www.lajarbelle.com\/?p=9358"},"modified":"2025-05-27T09:22:40","modified_gmt":"2025-05-27T07:22:40","slug":"les-orres-lancement-saison-ete","status":"publish","type":"post","link":"https:\/\/www.lajarbelle.com\/index.php\/2025\/05\/27\/les-orres-lancement-saison-ete\/","title":{"rendered":"Les temps forts de la saison d&rsquo;\u00e9t\u00e9 2025 aux Orres"},"content":{"rendered":"\t\t<div data-elementor-type=\"wp-post\" data-elementor-id=\"9358\" class=\"elementor elementor-9358\" data-elementor-post-type=\"post\">\n\t\t\t\t<div class=\"elementor-element elementor-element-c5a4f9a e-flex e-con-boxed e-con e-parent\" data-id=\"c5a4f9a\" data-element_type=\"container\" data-e-type=\"container\">\n\t\t\t\t\t<div class=\"e-con-inner\">\n\t\t\t\t<div class=\"elementor-element elementor-element-dff11aa elementor-widget elementor-widget-text-editor\" data-id=\"dff11aa\" data-element_type=\"widget\" data-e-type=\"widget\" data-widget_type=\"text-editor.default\">\n\t\t\t\t<div class=\"elementor-widget-container\">\n\t\t\t\t\t\t\t\t\t<p>L&rsquo;\u00e9t\u00e9 approche \u00e0 grands pas et la station se pr\u00e9pare \u00e0 accueillir les groupes, randonneurs, passionn\u00e9s de nature et de sports pour une saison pleine d&rsquo;\u00e9nergie !\u00a0<span style=\"background-color: transparent; font-size: 1rem;\">Aux Orres vous retrouverez :\u00a0<\/span><b style=\"background-color: transparent; font-size: 1rem;\">bike park, l&rsquo;escalade, fitness &amp; musculation, simulateurs de r\u00e9alit\u00e9s virtuelles, luge sur rail, patinoire, kids park.<\/b><span style=\"background-color: transparent; font-size: 1rem;\">.. et bien plus encore !\u00a0<\/span><\/p><p>\ufe0f Date d&rsquo;ouverture des remont\u00e9es m\u00e9caniques:<\/p><p><img decoding=\"async\" class=\"an1\" draggable=\"false\" src=\"https:\/\/fonts.gstatic.com\/s\/e\/notoemoji\/16.0\/25aa\/32.png\" alt=\"\u25aa\" data-emoji=\"\u25aa\" aria-label=\"\u25aa\" \/>\u00a0<b>Pr\u00e9-ouverture :<\/b> 14 &amp; 15 juin 2025 avec la f\u00eate des\u00a020 ans du Bike Park !<br \/><img decoding=\"async\" class=\"an1\" draggable=\"false\" src=\"https:\/\/fonts.gstatic.com\/s\/e\/notoemoji\/16.0\/25aa\/32.png\" alt=\"\u25aa\" data-emoji=\"\u25aa\" aria-label=\"\u25aa\" \/>\u00a0<b>En continu\u00a0<\/b>: 21 juin au 31 ao\u00fbt 2025<br \/><img decoding=\"async\" class=\"an1\" draggable=\"false\" src=\"https:\/\/fonts.gstatic.com\/s\/e\/notoemoji\/16.0\/25aa\/32.png\" alt=\"\u25aa\" data-emoji=\"\u25aa\" aria-label=\"\u25aa\" \/>\u00a0<b>Week-end bonus &amp; closing<\/b>\u00a0: 6 &amp; 7 et 13 &amp; 14 septembre 2025<\/p><p>Retrouvez toutes nos activit\u00e9s pour cet \u00e9t\u00e9 2025<\/p><p><img decoding=\"async\" src=\"https:\/\/ci3.googleusercontent.com\/meips\/ADKq_NYf629TuPT5C_kgCRNBtFoMZDbm3l-UjzlTeRHLFh1S4xrkCNsIZ_s0XP3qXgdDhLIDlvtIxbucEN9jxbJRP7AAj8VxNQyrJ9ay2nqimN70s6JnwlYJ8mW7F53zvc2LXA=s0-d-e1-ft#https:\/\/6xg3.mjt.lu\/img2\/6xg3\/d8bcb3b7-4d66-4e74-b9b1-331d18a85134\/content\" \/><\/p><p>\u00a0<\/p>\t\t\t\t\t\t\t\t<\/div>\n\t\t\t\t<\/div>\n\t\t\t\t\t<\/div>\n\t\t\t\t<\/div>\n\t\t\t\t<\/div>\n\t\t","protected":false},"excerpt":{"rendered":"<p>L&rsquo;\u00e9t\u00e9 approche \u00e0 grands pas et la station se pr\u00e9pare \u00e0 accueillir les groupes, randonneurs, passionn\u00e9s de nature et de sports pour une saison pleine d&rsquo;\u00e9nergie !&nbsp;Aux Orres vous retrouverez :&nbsp;bike park, l&rsquo;escalade, fitness &amp; musculation, simulateurs de r\u00e9alit\u00e9s virtuelles, luge sur rail, patinoire, kids park&#8230; et bien plus encore !&nbsp; \ufe0f Date d&rsquo;ouverture des [&hellip;]<\/p>\n","protected":false},"author":1,"featured_media":9359,"comment_status":"closed","ping_status":"open","sticky":false,"template":"","format":"standard","meta":{"footnotes":""},"categories":[81,82,79,19],"tags":[],"class_list":["post-9358","post","type-post","status-publish","format-standard","has-post-thumbnail","hentry","category-culture-divertissements","category-info-generale","category-sports-ete","category-vacances"],"yoast_head":"<!-- This site is optimized with the Yoast SEO Premium plugin v25.6 (Yoast SEO v27.4) - https:\/\/yoast.com\/product\/yoast-seo-premium-wordpress\/ -->\n<title>Les temps forts de la saison d&#039;\u00e9t\u00e9 2025 aux Orres - La Jarbelle - G\u00eetes et Spa<\/title>\n<meta name=\"description\" content=\"L&#039;\u00e9t\u00e9 approche \u00e0 grands pas et la station se pr\u00e9pare \u00e0 accueillir les groupes, randonneurs, passionn\u00e9s de nature et de sports pour une saison pleine d&#039;\u00e9nergie ! Aux Orres vous retrouverez : bike park, l&#039;escalade, fitness &amp; musculation, simulateurs de r\u00e9alit\u00e9s virtuelles, luge sur rail, patinoire, kids park... et bien plus encore !\" \/>\n<meta name=\"robots\" content=\"index, follow, max-snippet:-1, max-image-preview:large, max-video-preview:-1\" \/>\n<link rel=\"canonical\" href=\"https:\/\/www.lajarbelle.com\/index.php\/2025\/05\/27\/les-orres-lancement-saison-ete\/\" \/>\n<meta property=\"og:locale\" content=\"fr_FR\" \/>\n<meta property=\"og:type\" content=\"article\" \/>\n<meta property=\"og:title\" content=\"Les temps forts de la saison d&#039;\u00e9t\u00e9 2025 aux Orres\" \/>\n<meta property=\"og:description\" content=\"L&#039;\u00e9t\u00e9 approche \u00e0 grands pas et la station se pr\u00e9pare \u00e0 accueillir les groupes, randonneurs, passionn\u00e9s de nature et de sports pour une saison pleine d&#039;\u00e9nergie ! Aux Orres vous retrouverez : bike park, l&#039;escalade, fitness &amp; musculation, simulateurs de r\u00e9alit\u00e9s virtuelles, luge sur rail, patinoire, kids park... et bien plus encore !\" \/>\n<meta property=\"og:url\" content=\"https:\/\/www.lajarbelle.com\/index.php\/2025\/05\/27\/les-orres-lancement-saison-ete\/\" \/>\n<meta property=\"og:site_name\" content=\"La Jarbelle - G\u00eetes et Spa\" \/>\n<meta property=\"article:publisher\" content=\"https:\/\/www.facebook.com\/gitelajarbelle\" \/>\n<meta property=\"article:published_time\" content=\"2025-05-27T07:12:42+00:00\" \/>\n<meta property=\"article:modified_time\" content=\"2025-05-27T07:22:40+00:00\" \/>\n<meta property=\"og:image\" content=\"https:\/\/www.lajarbelle.com\/wp-content\/uploads\/2025\/05\/evenement-ete.png\" \/>\n\t<meta property=\"og:image:width\" content=\"1900\" \/>\n\t<meta property=\"og:image:height\" content=\"800\" \/>\n\t<meta property=\"og:image:type\" content=\"image\/png\" \/>\n<meta name=\"author\" content=\"La jarbelle\" \/>\n<meta name=\"twitter:card\" content=\"summary_large_image\" \/>\n<meta name=\"twitter:creator\" content=\"@lajarbelle\" \/>\n<meta name=\"twitter:site\" content=\"@lajarbelle\" \/>\n<meta name=\"twitter:label1\" content=\"\u00c9crit par\" \/>\n\t<meta name=\"twitter:data1\" content=\"La jarbelle\" \/>\n\t<meta name=\"twitter:label2\" content=\"Dur\u00e9e de lecture estim\u00e9e\" \/>\n\t<meta name=\"twitter:data2\" content=\"2 minutes\" \/>\n<script type=\"application\/ld+json\" class=\"yoast-schema-graph\">{\"@context\":\"https:\\\/\\\/schema.org\",\"@graph\":[{\"@type\":\"Article\",\"@id\":\"https:\\\/\\\/www.lajarbelle.com\\\/index.php\\\/2025\\\/05\\\/27\\\/les-orres-lancement-saison-ete\\\/#article\",\"isPartOf\":{\"@id\":\"https:\\\/\\\/www.lajarbelle.com\\\/index.php\\\/2025\\\/05\\\/27\\\/les-orres-lancement-saison-ete\\\/\"},\"author\":{\"name\":\"La jarbelle\",\"@id\":\"https:\\\/\\\/www.lajarbelle.com\\\/#\\\/schema\\\/person\\\/afa2d71425f6eacce0931f3031f7d80f\"},\"headline\":\"Les temps forts de la saison d&rsquo;\u00e9t\u00e9 2025 aux Orres\",\"datePublished\":\"2025-05-27T07:12:42+00:00\",\"dateModified\":\"2025-05-27T07:22:40+00:00\",\"mainEntityOfPage\":{\"@id\":\"https:\\\/\\\/www.lajarbelle.com\\\/index.php\\\/2025\\\/05\\\/27\\\/les-orres-lancement-saison-ete\\\/\"},\"wordCount\":115,\"publisher\":{\"@id\":\"https:\\\/\\\/www.lajarbelle.com\\\/#organization\"},\"image\":{\"@id\":\"https:\\\/\\\/www.lajarbelle.com\\\/index.php\\\/2025\\\/05\\\/27\\\/les-orres-lancement-saison-ete\\\/#primaryimage\"},\"thumbnailUrl\":\"https:\\\/\\\/www.lajarbelle.com\\\/wp-content\\\/uploads\\\/2025\\\/05\\\/evenement-ete.png\",\"articleSection\":[\"Culture et divertissements\",\"information g\u00e9n\u00e9rale\",\"Sports \u00e9t\u00e9\",\"Vacances\"],\"inLanguage\":\"fr-FR\"},{\"@type\":\"WebPage\",\"@id\":\"https:\\\/\\\/www.lajarbelle.com\\\/index.php\\\/2025\\\/05\\\/27\\\/les-orres-lancement-saison-ete\\\/\",\"url\":\"https:\\\/\\\/www.lajarbelle.com\\\/index.php\\\/2025\\\/05\\\/27\\\/les-orres-lancement-saison-ete\\\/\",\"name\":\"Les temps forts de la saison d'\u00e9t\u00e9 2025 aux Orres - La Jarbelle - G\u00eetes et Spa\",\"isPartOf\":{\"@id\":\"https:\\\/\\\/www.lajarbelle.com\\\/#website\"},\"primaryImageOfPage\":{\"@id\":\"https:\\\/\\\/www.lajarbelle.com\\\/index.php\\\/2025\\\/05\\\/27\\\/les-orres-lancement-saison-ete\\\/#primaryimage\"},\"image\":{\"@id\":\"https:\\\/\\\/www.lajarbelle.com\\\/index.php\\\/2025\\\/05\\\/27\\\/les-orres-lancement-saison-ete\\\/#primaryimage\"},\"thumbnailUrl\":\"https:\\\/\\\/www.lajarbelle.com\\\/wp-content\\\/uploads\\\/2025\\\/05\\\/evenement-ete.png\",\"datePublished\":\"2025-05-27T07:12:42+00:00\",\"dateModified\":\"2025-05-27T07:22:40+00:00\",\"description\":\"L'\u00e9t\u00e9 approche \u00e0 grands pas et la station se pr\u00e9pare \u00e0 accueillir les groupes, randonneurs, passionn\u00e9s de nature et de sports pour une saison pleine d'\u00e9nergie ! Aux Orres vous retrouverez : bike park, l'escalade, fitness & musculation, simulateurs de r\u00e9alit\u00e9s virtuelles, luge sur rail, patinoire, kids park... et bien plus encore !\",\"breadcrumb\":{\"@id\":\"https:\\\/\\\/www.lajarbelle.com\\\/index.php\\\/2025\\\/05\\\/27\\\/les-orres-lancement-saison-ete\\\/#breadcrumb\"},\"inLanguage\":\"fr-FR\",\"potentialAction\":[{\"@type\":\"ReadAction\",\"target\":[\"https:\\\/\\\/www.lajarbelle.com\\\/index.php\\\/2025\\\/05\\\/27\\\/les-orres-lancement-saison-ete\\\/\"]}]},{\"@type\":\"ImageObject\",\"inLanguage\":\"fr-FR\",\"@id\":\"https:\\\/\\\/www.lajarbelle.com\\\/index.php\\\/2025\\\/05\\\/27\\\/les-orres-lancement-saison-ete\\\/#primaryimage\",\"url\":\"https:\\\/\\\/www.lajarbelle.com\\\/wp-content\\\/uploads\\\/2025\\\/05\\\/evenement-ete.png\",\"contentUrl\":\"https:\\\/\\\/www.lajarbelle.com\\\/wp-content\\\/uploads\\\/2025\\\/05\\\/evenement-ete.png\",\"width\":1900,\"height\":800},{\"@type\":\"BreadcrumbList\",\"@id\":\"https:\\\/\\\/www.lajarbelle.com\\\/index.php\\\/2025\\\/05\\\/27\\\/les-orres-lancement-saison-ete\\\/#breadcrumb\",\"itemListElement\":[{\"@type\":\"ListItem\",\"position\":1,\"name\":\"Accueil\",\"item\":\"https:\\\/\\\/www.lajarbelle.com\\\/\"},{\"@type\":\"ListItem\",\"position\":2,\"name\":\"Les temps forts de la saison d&rsquo;\u00e9t\u00e9 2025 aux Orres\"}]},{\"@type\":\"WebSite\",\"@id\":\"https:\\\/\\\/www.lajarbelle.com\\\/#website\",\"url\":\"https:\\\/\\\/www.lajarbelle.com\\\/\",\"name\":\"La Jarbelle - G\u00eetes et Spa\",\"description\":\"Le bien-\u00eatre \u00e0 la montagne\",\"publisher\":{\"@id\":\"https:\\\/\\\/www.lajarbelle.com\\\/#organization\"},\"potentialAction\":[{\"@type\":\"SearchAction\",\"target\":{\"@type\":\"EntryPoint\",\"urlTemplate\":\"https:\\\/\\\/www.lajarbelle.com\\\/?s={search_term_string}\"},\"query-input\":{\"@type\":\"PropertyValueSpecification\",\"valueRequired\":true,\"valueName\":\"search_term_string\"}}],\"inLanguage\":\"fr-FR\"},{\"@type\":\"Organization\",\"@id\":\"https:\\\/\\\/www.lajarbelle.com\\\/#organization\",\"name\":\"SAS LA JARBELLE\",\"url\":\"https:\\\/\\\/www.lajarbelle.com\\\/\",\"logo\":{\"@type\":\"ImageObject\",\"inLanguage\":\"fr-FR\",\"@id\":\"https:\\\/\\\/www.lajarbelle.com\\\/#\\\/schema\\\/logo\\\/image\\\/\",\"url\":\"https:\\\/\\\/www.lajarbelle.com\\\/wp-content\\\/uploads\\\/2020\\\/05\\\/icone_lajarbelle.png\",\"contentUrl\":\"https:\\\/\\\/www.lajarbelle.com\\\/wp-content\\\/uploads\\\/2020\\\/05\\\/icone_lajarbelle.png\",\"width\":250,\"height\":250,\"caption\":\"SAS LA JARBELLE\"},\"image\":{\"@id\":\"https:\\\/\\\/www.lajarbelle.com\\\/#\\\/schema\\\/logo\\\/image\\\/\"},\"sameAs\":[\"https:\\\/\\\/www.facebook.com\\\/gitelajarbelle\",\"https:\\\/\\\/x.com\\\/lajarbelle\",\"https:\\\/\\\/instagram.com\\\/gite_lajarbelle\",\"http:\\\/\\\/www.linkedin.com\\\/in\\\/guillaume-plisson-05200\",\"https:\\\/\\\/www.pinterest.fr\\\/lajarbelle\"]},{\"@type\":\"Person\",\"@id\":\"https:\\\/\\\/www.lajarbelle.com\\\/#\\\/schema\\\/person\\\/afa2d71425f6eacce0931f3031f7d80f\",\"name\":\"La jarbelle\",\"image\":{\"@type\":\"ImageObject\",\"inLanguage\":\"fr-FR\",\"@id\":\"https:\\\/\\\/secure.gravatar.com\\\/avatar\\\/3e736281943c32c619f314e14fd361dad3c4e800935c4fe65c9df7cd105cd96c?s=96&d=mm&r=g\",\"url\":\"https:\\\/\\\/secure.gravatar.com\\\/avatar\\\/3e736281943c32c619f314e14fd361dad3c4e800935c4fe65c9df7cd105cd96c?s=96&d=mm&r=g\",\"contentUrl\":\"https:\\\/\\\/secure.gravatar.com\\\/avatar\\\/3e736281943c32c619f314e14fd361dad3c4e800935c4fe65c9df7cd105cd96c?s=96&d=mm&r=g\",\"caption\":\"La jarbelle\"}}]}<\/script>\n<!-- \/ Yoast SEO Premium plugin. -->","yoast_head_json":{"title":"Les temps forts de la saison d'\u00e9t\u00e9 2025 aux Orres - La Jarbelle - G\u00eetes et Spa","description":"L'\u00e9t\u00e9 approche \u00e0 grands pas et la station se pr\u00e9pare \u00e0 accueillir les groupes, randonneurs, passionn\u00e9s de nature et de sports pour une saison pleine d'\u00e9nergie ! Aux Orres vous retrouverez : bike park, l'escalade, fitness & musculation, simulateurs de r\u00e9alit\u00e9s virtuelles, luge sur rail, patinoire, kids park... et bien plus encore !","robots":{"index":"index","follow":"follow","max-snippet":"max-snippet:-1","max-image-preview":"max-image-preview:large","max-video-preview":"max-video-preview:-1"},"canonical":"https:\/\/www.lajarbelle.com\/index.php\/2025\/05\/27\/les-orres-lancement-saison-ete\/","og_locale":"fr_FR","og_type":"article","og_title":"Les temps forts de la saison d'\u00e9t\u00e9 2025 aux Orres","og_description":"L'\u00e9t\u00e9 approche \u00e0 grands pas et la station se pr\u00e9pare \u00e0 accueillir les groupes, randonneurs, passionn\u00e9s de nature et de sports pour une saison pleine d'\u00e9nergie ! Aux Orres vous retrouverez : bike park, l'escalade, fitness & musculation, simulateurs de r\u00e9alit\u00e9s virtuelles, luge sur rail, patinoire, kids park... et bien plus encore !","og_url":"https:\/\/www.lajarbelle.com\/index.php\/2025\/05\/27\/les-orres-lancement-saison-ete\/","og_site_name":"La Jarbelle - G\u00eetes et Spa","article_publisher":"https:\/\/www.facebook.com\/gitelajarbelle","article_published_time":"2025-05-27T07:12:42+00:00","article_modified_time":"2025-05-27T07:22:40+00:00","og_image":[{"width":1900,"height":800,"url":"https:\/\/www.lajarbelle.com\/wp-content\/uploads\/2025\/05\/evenement-ete.png","type":"image\/png"}],"author":"La jarbelle","twitter_card":"summary_large_image","twitter_creator":"@lajarbelle","twitter_site":"@lajarbelle","twitter_misc":{"\u00c9crit par":"La jarbelle","Dur\u00e9e de lecture estim\u00e9e":"2 minutes"},"schema":{"@context":"https:\/\/schema.org","@graph":[{"@type":"Article","@id":"https:\/\/www.lajarbelle.com\/index.php\/2025\/05\/27\/les-orres-lancement-saison-ete\/#article","isPartOf":{"@id":"https:\/\/www.lajarbelle.com\/index.php\/2025\/05\/27\/les-orres-lancement-saison-ete\/"},"author":{"name":"La jarbelle","@id":"https:\/\/www.lajarbelle.com\/#\/schema\/person\/afa2d71425f6eacce0931f3031f7d80f"},"headline":"Les temps forts de la saison d&rsquo;\u00e9t\u00e9 2025 aux Orres","datePublished":"2025-05-27T07:12:42+00:00","dateModified":"2025-05-27T07:22:40+00:00","mainEntityOfPage":{"@id":"https:\/\/www.lajarbelle.com\/index.php\/2025\/05\/27\/les-orres-lancement-saison-ete\/"},"wordCount":115,"publisher":{"@id":"https:\/\/www.lajarbelle.com\/#organization"},"image":{"@id":"https:\/\/www.lajarbelle.com\/index.php\/2025\/05\/27\/les-orres-lancement-saison-ete\/#primaryimage"},"thumbnailUrl":"https:\/\/www.lajarbelle.com\/wp-content\/uploads\/2025\/05\/evenement-ete.png","articleSection":["Culture et divertissements","information g\u00e9n\u00e9rale","Sports \u00e9t\u00e9","Vacances"],"inLanguage":"fr-FR"},{"@type":"WebPage","@id":"https:\/\/www.lajarbelle.com\/index.php\/2025\/05\/27\/les-orres-lancement-saison-ete\/","url":"https:\/\/www.lajarbelle.com\/index.php\/2025\/05\/27\/les-orres-lancement-saison-ete\/","name":"Les temps forts de la saison d'\u00e9t\u00e9 2025 aux Orres - La Jarbelle - G\u00eetes et Spa","isPartOf":{"@id":"https:\/\/www.lajarbelle.com\/#website"},"primaryImageOfPage":{"@id":"https:\/\/www.lajarbelle.com\/index.php\/2025\/05\/27\/les-orres-lancement-saison-ete\/#primaryimage"},"image":{"@id":"https:\/\/www.lajarbelle.com\/index.php\/2025\/05\/27\/les-orres-lancement-saison-ete\/#primaryimage"},"thumbnailUrl":"https:\/\/www.lajarbelle.com\/wp-content\/uploads\/2025\/05\/evenement-ete.png","datePublished":"2025-05-27T07:12:42+00:00","dateModified":"2025-05-27T07:22:40+00:00","description":"L'\u00e9t\u00e9 approche \u00e0 grands pas et la station se pr\u00e9pare \u00e0 accueillir les groupes, randonneurs, passionn\u00e9s de nature et de sports pour une saison pleine d'\u00e9nergie ! Aux Orres vous retrouverez : bike park, l'escalade, fitness & musculation, simulateurs de r\u00e9alit\u00e9s virtuelles, luge sur rail, patinoire, kids park... et bien plus encore !","breadcrumb":{"@id":"https:\/\/www.lajarbelle.com\/index.php\/2025\/05\/27\/les-orres-lancement-saison-ete\/#breadcrumb"},"inLanguage":"fr-FR","potentialAction":[{"@type":"ReadAction","target":["https:\/\/www.lajarbelle.com\/index.php\/2025\/05\/27\/les-orres-lancement-saison-ete\/"]}]},{"@type":"ImageObject","inLanguage":"fr-FR","@id":"https:\/\/www.lajarbelle.com\/index.php\/2025\/05\/27\/les-orres-lancement-saison-ete\/#primaryimage","url":"https:\/\/www.lajarbelle.com\/wp-content\/uploads\/2025\/05\/evenement-ete.png","contentUrl":"https:\/\/www.lajarbelle.com\/wp-content\/uploads\/2025\/05\/evenement-ete.png","width":1900,"height":800},{"@type":"BreadcrumbList","@id":"https:\/\/www.lajarbelle.com\/index.php\/2025\/05\/27\/les-orres-lancement-saison-ete\/#breadcrumb","itemListElement":[{"@type":"ListItem","position":1,"name":"Accueil","item":"https:\/\/www.lajarbelle.com\/"},{"@type":"ListItem","position":2,"name":"Les temps forts de la saison d&rsquo;\u00e9t\u00e9 2025 aux Orres"}]},{"@type":"WebSite","@id":"https:\/\/www.lajarbelle.com\/#website","url":"https:\/\/www.lajarbelle.com\/","name":"La Jarbelle - G\u00eetes et Spa","description":"Le bien-\u00eatre \u00e0 la montagne","publisher":{"@id":"https:\/\/www.lajarbelle.com\/#organization"},"potentialAction":[{"@type":"SearchAction","target":{"@type":"EntryPoint","urlTemplate":"https:\/\/www.lajarbelle.com\/?s={search_term_string}"},"query-input":{"@type":"PropertyValueSpecification","valueRequired":true,"valueName":"search_term_string"}}],"inLanguage":"fr-FR"},{"@type":"Organization","@id":"https:\/\/www.lajarbelle.com\/#organization","name":"SAS LA JARBELLE","url":"https:\/\/www.lajarbelle.com\/","logo":{"@type":"ImageObject","inLanguage":"fr-FR","@id":"https:\/\/www.lajarbelle.com\/#\/schema\/logo\/image\/","url":"https:\/\/www.lajarbelle.com\/wp-content\/uploads\/2020\/05\/icone_lajarbelle.png","contentUrl":"https:\/\/www.lajarbelle.com\/wp-content\/uploads\/2020\/05\/icone_lajarbelle.png","width":250,"height":250,"caption":"SAS LA JARBELLE"},"image":{"@id":"https:\/\/www.lajarbelle.com\/#\/schema\/logo\/image\/"},"sameAs":["https:\/\/www.facebook.com\/gitelajarbelle","https:\/\/x.com\/lajarbelle","https:\/\/instagram.com\/gite_lajarbelle","http:\/\/www.linkedin.com\/in\/guillaume-plisson-05200","https:\/\/www.pinterest.fr\/lajarbelle"]},{"@type":"Person","@id":"https:\/\/www.lajarbelle.com\/#\/schema\/person\/afa2d71425f6eacce0931f3031f7d80f","name":"La jarbelle","image":{"@type":"ImageObject","inLanguage":"fr-FR","@id":"https:\/\/secure.gravatar.com\/avatar\/3e736281943c32c619f314e14fd361dad3c4e800935c4fe65c9df7cd105cd96c?s=96&d=mm&r=g","url":"https:\/\/secure.gravatar.com\/avatar\/3e736281943c32c619f314e14fd361dad3c4e800935c4fe65c9df7cd105cd96c?s=96&d=mm&r=g","contentUrl":"https:\/\/secure.gravatar.com\/avatar\/3e736281943c32c619f314e14fd361dad3c4e800935c4fe65c9df7cd105cd96c?s=96&d=mm&r=g","caption":"La jarbelle"}}]}},"_links":{"self":[{"href":"https:\/\/www.lajarbelle.com\/index.php\/wp-json\/wp\/v2\/posts\/9358","targetHints":{"allow":["GET"]}}],"collection":[{"href":"https:\/\/www.lajarbelle.com\/index.php\/wp-json\/wp\/v2\/posts"}],"about":[{"href":"https:\/\/www.lajarbelle.com\/index.php\/wp-json\/wp\/v2\/types\/post"}],"author":[{"embeddable":true,"href":"https:\/\/www.lajarbelle.com\/index.php\/wp-json\/wp\/v2\/users\/1"}],"replies":[{"embeddable":true,"href":"https:\/\/www.lajarbelle.com\/index.php\/wp-json\/wp\/v2\/comments?post=9358"}],"version-history":[{"count":11,"href":"https:\/\/www.lajarbelle.com\/index.php\/wp-json\/wp\/v2\/posts\/9358\/revisions"}],"predecessor-version":[{"id":9374,"href":"https:\/\/www.lajarbelle.com\/index.php\/wp-json\/wp\/v2\/posts\/9358\/revisions\/9374"}],"wp:featuredmedia":[{"embeddable":true,"href":"https:\/\/www.lajarbelle.com\/index.php\/wp-json\/wp\/v2\/media\/9359"}],"wp:attachment":[{"href":"https:\/\/www.lajarbelle.com\/index.php\/wp-json\/wp\/v2\/media?parent=9358"}],"wp:term":[{"taxonomy":"category","embeddable":true,"href":"https:\/\/www.lajarbelle.com\/index.php\/wp-json\/wp\/v2\/categories?post=9358"},{"taxonomy":"post_tag","embeddable":true,"href":"https:\/\/www.lajarbelle.com\/index.php\/wp-json\/wp\/v2\/tags?post=9358"}],"curies":[{"name":"wp","href":"https:\/\/api.w.org\/{rel}","templated":true}]}}