{"id":9490,"date":"2025-07-18T09:20:28","date_gmt":"2025-07-18T07:20:28","guid":{"rendered":"https:\/\/www.lajarbelle.com\/?p=9490"},"modified":"2025-07-18T09:24:38","modified_gmt":"2025-07-18T07:24:38","slug":"les-orres-accueille-la-coupe-deurope-de-vtt-descente-du-25-au-27-juillet-2025","status":"publish","type":"post","link":"https:\/\/www.lajarbelle.com\/index.php\/2025\/07\/18\/les-orres-accueille-la-coupe-deurope-de-vtt-descente-du-25-au-27-juillet-2025\/","title":{"rendered":"Les Orres accueille la coupe d&rsquo;Europe de VTT DESCENTE\u00a0du 25 au 27 juillet 2025"},"content":{"rendered":"\t\t<div data-elementor-type=\"wp-post\" data-elementor-id=\"9490\" class=\"elementor elementor-9490\" data-elementor-post-type=\"post\">\n\t\t\t\t<div class=\"elementor-element elementor-element-c5a4f9a e-flex e-con-boxed e-con e-parent\" data-id=\"c5a4f9a\" data-element_type=\"container\" data-e-type=\"container\">\n\t\t\t\t\t<div class=\"e-con-inner\">\n\t\t\t\t<div class=\"elementor-element elementor-element-dff11aa elementor-widget elementor-widget-text-editor\" data-id=\"dff11aa\" data-element_type=\"widget\" data-e-type=\"widget\" data-widget_type=\"text-editor.default\">\n\t\t\t\t<div class=\"elementor-widget-container\">\n\t\t\t\t\t\t\t\t\t<h3 style=\"text-align: center;\"><strong>Du vendredi 25 au dimanche 27 juillet 2025<\/strong><\/h3>\n<p><img decoding=\"async\" class=\"size-medium wp-image-9493 aligncenter\" src=\"https:\/\/www.lajarbelle.com\/wp-content\/uploads\/2025\/07\/ixsdhcup20251900x800px-300x126.jpg\" alt=\"\" width=\"300\" height=\"126\" srcset=\"https:\/\/www.lajarbelle.com\/wp-content\/uploads\/2025\/07\/ixsdhcup20251900x800px-300x126.jpg 300w, https:\/\/www.lajarbelle.com\/wp-content\/uploads\/2025\/07\/ixsdhcup20251900x800px-1024x431.jpg 1024w, https:\/\/www.lajarbelle.com\/wp-content\/uploads\/2025\/07\/ixsdhcup20251900x800px-768x323.jpg 768w, https:\/\/www.lajarbelle.com\/wp-content\/uploads\/2025\/07\/ixsdhcup20251900x800px-1536x647.jpg 1536w, https:\/\/www.lajarbelle.com\/wp-content\/uploads\/2025\/07\/ixsdhcup20251900x800px-18x8.jpg 18w, https:\/\/www.lajarbelle.com\/wp-content\/uploads\/2025\/07\/ixsdhcup20251900x800px.jpg 1900w\" sizes=\"(max-width: 300px) 100vw, 300px\" \/><\/p>\n<p style=\"text-align: center;\">Ne manquez pas l&rsquo;\u00e9v\u00e9nement VTT de la saison : la 5\u00e8me manche de<strong>\u00a0l&rsquo;IXS European Downhill Cup.\u00a0<\/strong>Une comp\u00e9tition hors norme qui s&rsquo;appr\u00eate \u00e0 enflammer les pistes des Orres Bike Park. L&rsquo;<strong>IXS<\/strong>, c&rsquo;est\u00a0<strong>l&rsquo;ultime d\u00e9fi\u00a0<\/strong>pour les\u00a0<strong>pilotes de descente<\/strong>\u00a0et\u00a0<strong>professionnels en devenir<\/strong>, venus des\u00a0<strong>4 coins du monde<\/strong>.<\/p>\n<p style=\"text-align: center;\"><strong>Riders de haut niveau<\/strong>,\u00a0<strong>sauts\u00a0<\/strong>spectaculaires, descentes\u00a0<strong>ultra-techniques<\/strong>&#8230; Tout est r\u00e9uni pour une course inoubliable, pr\u00e9parez-vous \u00e0 en prendre plein les yeux. Venez vibrer au rythme de la course et encourager vos riders pr\u00e9f\u00e9r\u00e9s !<\/p>\t\t\t\t\t\t\t\t<\/div>\n\t\t\t\t<\/div>\n\t\t\t\t\t<\/div>\n\t\t\t\t<\/div>\n\t\t\t\t<\/div>\n\t\t","protected":false},"excerpt":{"rendered":"<p>Du vendredi 25 au dimanche 27 juillet 2025 Ne manquez pas l&rsquo;\u00e9v\u00e9nement VTT de la saison : la 5\u00e8me manche de\u00a0l&rsquo;IXS European Downhill Cup.\u00a0Une comp\u00e9tition hors norme qui s&rsquo;appr\u00eate \u00e0 enflammer les pistes des Orres Bike Park. L&rsquo;IXS, c&rsquo;est\u00a0l&rsquo;ultime d\u00e9fi\u00a0pour les\u00a0pilotes de descente\u00a0et\u00a0professionnels en devenir, venus des\u00a04 coins du monde. Riders de haut niveau,\u00a0sauts\u00a0spectaculaires, descentes\u00a0ultra-techniques&#8230; [&hellip;]<\/p>\n","protected":false},"author":1,"featured_media":9491,"comment_status":"closed","ping_status":"open","sticky":false,"template":"","format":"standard","meta":{"footnotes":""},"categories":[81,82,79,19],"tags":[150,147,160,112,142,129,141],"class_list":["post-9490","post","type-post","status-publish","format-standard","has-post-thumbnail","hentry","category-culture-divertissements","category-info-generale","category-sports-ete","category-vacances","tag-randonnees","tag-spa","tag-activites","tag-bien-etre","tag-ete","tag-montagne","tag-vtt"],"yoast_head":"<!-- This site is optimized with the Yoast SEO Premium plugin v25.6 (Yoast SEO v27.4) - https:\/\/yoast.com\/product\/yoast-seo-premium-wordpress\/ -->\n<title>Les Orres accueille la coupe d&#039;Europe de VTT DESCENTE\u00a0du 25 au 27 juillet 2025 - La Jarbelle - G\u00eetes et Spa<\/title>\n<meta name=\"description\" content=\"Riders de haut niveau, sauts spectaculaires, descentes ultra-techniques... Tout est r\u00e9uni pour une course inoubliable, pr\u00e9parez-vous \u00e0 en prendre plein les yeux. Venez vibrer au rythme de la course et encourager vos riders pr\u00e9f\u00e9r\u00e9s !\" \/>\n<meta name=\"robots\" content=\"index, follow, max-snippet:-1, max-image-preview:large, max-video-preview:-1\" \/>\n<link rel=\"canonical\" href=\"https:\/\/www.lajarbelle.com\/index.php\/2025\/07\/18\/les-orres-accueille-la-coupe-deurope-de-vtt-descente-du-25-au-27-juillet-2025\/\" \/>\n<meta property=\"og:locale\" content=\"fr_FR\" \/>\n<meta property=\"og:type\" content=\"article\" \/>\n<meta property=\"og:title\" content=\"Les Orres accueille la coupe d&#039;Europe de VTT DESCENTE\u00a0du 25 au 27 juillet 2025\" \/>\n<meta property=\"og:description\" content=\"Riders de haut niveau, sauts spectaculaires, descentes ultra-techniques... Tout est r\u00e9uni pour une course inoubliable, pr\u00e9parez-vous \u00e0 en prendre plein les yeux. Venez vibrer au rythme de la course et encourager vos riders pr\u00e9f\u00e9r\u00e9s !\" \/>\n<meta property=\"og:url\" content=\"https:\/\/www.lajarbelle.com\/index.php\/2025\/07\/18\/les-orres-accueille-la-coupe-deurope-de-vtt-descente-du-25-au-27-juillet-2025\/\" \/>\n<meta property=\"og:site_name\" content=\"La Jarbelle - G\u00eetes et Spa\" \/>\n<meta property=\"article:publisher\" content=\"https:\/\/www.facebook.com\/gitelajarbelle\" \/>\n<meta property=\"article:published_time\" content=\"2025-07-18T07:20:28+00:00\" \/>\n<meta property=\"article:modified_time\" content=\"2025-07-18T07:24:38+00:00\" \/>\n<meta property=\"og:image\" content=\"https:\/\/www.lajarbelle.com\/wp-content\/uploads\/2025\/06\/pass-ete-2025-1900x800-1.png\" \/>\n\t<meta property=\"og:image:width\" content=\"1900\" \/>\n\t<meta property=\"og:image:height\" content=\"800\" \/>\n\t<meta property=\"og:image:type\" content=\"image\/png\" \/>\n<meta name=\"author\" content=\"La jarbelle\" \/>\n<meta name=\"twitter:card\" content=\"summary_large_image\" \/>\n<meta name=\"twitter:creator\" content=\"@lajarbelle\" \/>\n<meta name=\"twitter:site\" content=\"@lajarbelle\" \/>\n<meta name=\"twitter:label1\" content=\"\u00c9crit par\" \/>\n\t<meta name=\"twitter:data1\" content=\"La jarbelle\" \/>\n\t<meta name=\"twitter:label2\" content=\"Dur\u00e9e de lecture estim\u00e9e\" \/>\n\t<meta name=\"twitter:data2\" content=\"1 minute\" \/>\n<script type=\"application\/ld+json\" class=\"yoast-schema-graph\">{\"@context\":\"https:\\\/\\\/schema.org\",\"@graph\":[{\"@type\":\"Article\",\"@id\":\"https:\\\/\\\/www.lajarbelle.com\\\/index.php\\\/2025\\\/07\\\/18\\\/les-orres-accueille-la-coupe-deurope-de-vtt-descente-du-25-au-27-juillet-2025\\\/#article\",\"isPartOf\":{\"@id\":\"https:\\\/\\\/www.lajarbelle.com\\\/index.php\\\/2025\\\/07\\\/18\\\/les-orres-accueille-la-coupe-deurope-de-vtt-descente-du-25-au-27-juillet-2025\\\/\"},\"author\":{\"name\":\"La jarbelle\",\"@id\":\"https:\\\/\\\/www.lajarbelle.com\\\/#\\\/schema\\\/person\\\/afa2d71425f6eacce0931f3031f7d80f\"},\"headline\":\"Les Orres accueille la coupe d&rsquo;Europe de VTT DESCENTE\u00a0du 25 au 27 juillet 2025\",\"datePublished\":\"2025-07-18T07:20:28+00:00\",\"dateModified\":\"2025-07-18T07:24:38+00:00\",\"mainEntityOfPage\":{\"@id\":\"https:\\\/\\\/www.lajarbelle.com\\\/index.php\\\/2025\\\/07\\\/18\\\/les-orres-accueille-la-coupe-deurope-de-vtt-descente-du-25-au-27-juillet-2025\\\/\"},\"wordCount\":107,\"publisher\":{\"@id\":\"https:\\\/\\\/www.lajarbelle.com\\\/#organization\"},\"image\":{\"@id\":\"https:\\\/\\\/www.lajarbelle.com\\\/index.php\\\/2025\\\/07\\\/18\\\/les-orres-accueille-la-coupe-deurope-de-vtt-descente-du-25-au-27-juillet-2025\\\/#primaryimage\"},\"thumbnailUrl\":\"https:\\\/\\\/www.lajarbelle.com\\\/wp-content\\\/uploads\\\/2025\\\/07\\\/capture-d-ecran-2023-06-26-140158.png\",\"keywords\":[\"#randonn\u00e9es\",\"#spa\",\"activit\u00e9s\",\"bien-etre\",\"\u00e9t\u00e9\",\"montagne\",\"VTT\"],\"articleSection\":[\"Culture et divertissements\",\"information g\u00e9n\u00e9rale\",\"Sports \u00e9t\u00e9\",\"Vacances\"],\"inLanguage\":\"fr-FR\"},{\"@type\":\"WebPage\",\"@id\":\"https:\\\/\\\/www.lajarbelle.com\\\/index.php\\\/2025\\\/07\\\/18\\\/les-orres-accueille-la-coupe-deurope-de-vtt-descente-du-25-au-27-juillet-2025\\\/\",\"url\":\"https:\\\/\\\/www.lajarbelle.com\\\/index.php\\\/2025\\\/07\\\/18\\\/les-orres-accueille-la-coupe-deurope-de-vtt-descente-du-25-au-27-juillet-2025\\\/\",\"name\":\"Les Orres accueille la coupe d'Europe de VTT DESCENTE\u00a0du 25 au 27 juillet 2025 - La Jarbelle - G\u00eetes et Spa\",\"isPartOf\":{\"@id\":\"https:\\\/\\\/www.lajarbelle.com\\\/#website\"},\"primaryImageOfPage\":{\"@id\":\"https:\\\/\\\/www.lajarbelle.com\\\/index.php\\\/2025\\\/07\\\/18\\\/les-orres-accueille-la-coupe-deurope-de-vtt-descente-du-25-au-27-juillet-2025\\\/#primaryimage\"},\"image\":{\"@id\":\"https:\\\/\\\/www.lajarbelle.com\\\/index.php\\\/2025\\\/07\\\/18\\\/les-orres-accueille-la-coupe-deurope-de-vtt-descente-du-25-au-27-juillet-2025\\\/#primaryimage\"},\"thumbnailUrl\":\"https:\\\/\\\/www.lajarbelle.com\\\/wp-content\\\/uploads\\\/2025\\\/07\\\/capture-d-ecran-2023-06-26-140158.png\",\"datePublished\":\"2025-07-18T07:20:28+00:00\",\"dateModified\":\"2025-07-18T07:24:38+00:00\",\"description\":\"Riders de haut niveau, sauts spectaculaires, descentes ultra-techniques... Tout est r\u00e9uni pour une course inoubliable, pr\u00e9parez-vous \u00e0 en prendre plein les yeux. Venez vibrer au rythme de la course et encourager vos riders pr\u00e9f\u00e9r\u00e9s !\",\"breadcrumb\":{\"@id\":\"https:\\\/\\\/www.lajarbelle.com\\\/index.php\\\/2025\\\/07\\\/18\\\/les-orres-accueille-la-coupe-deurope-de-vtt-descente-du-25-au-27-juillet-2025\\\/#breadcrumb\"},\"inLanguage\":\"fr-FR\",\"potentialAction\":[{\"@type\":\"ReadAction\",\"target\":[\"https:\\\/\\\/www.lajarbelle.com\\\/index.php\\\/2025\\\/07\\\/18\\\/les-orres-accueille-la-coupe-deurope-de-vtt-descente-du-25-au-27-juillet-2025\\\/\"]}]},{\"@type\":\"ImageObject\",\"inLanguage\":\"fr-FR\",\"@id\":\"https:\\\/\\\/www.lajarbelle.com\\\/index.php\\\/2025\\\/07\\\/18\\\/les-orres-accueille-la-coupe-deurope-de-vtt-descente-du-25-au-27-juillet-2025\\\/#primaryimage\",\"url\":\"https:\\\/\\\/www.lajarbelle.com\\\/wp-content\\\/uploads\\\/2025\\\/07\\\/capture-d-ecran-2023-06-26-140158.png\",\"contentUrl\":\"https:\\\/\\\/www.lajarbelle.com\\\/wp-content\\\/uploads\\\/2025\\\/07\\\/capture-d-ecran-2023-06-26-140158.png\",\"width\":698,\"height\":500,\"caption\":\"Bike Park\"},{\"@type\":\"BreadcrumbList\",\"@id\":\"https:\\\/\\\/www.lajarbelle.com\\\/index.php\\\/2025\\\/07\\\/18\\\/les-orres-accueille-la-coupe-deurope-de-vtt-descente-du-25-au-27-juillet-2025\\\/#breadcrumb\",\"itemListElement\":[{\"@type\":\"ListItem\",\"position\":1,\"name\":\"Accueil\",\"item\":\"https:\\\/\\\/www.lajarbelle.com\\\/\"},{\"@type\":\"ListItem\",\"position\":2,\"name\":\"Les Orres accueille la coupe d&rsquo;Europe de VTT DESCENTE\u00a0du 25 au 27 juillet 2025\"}]},{\"@type\":\"WebSite\",\"@id\":\"https:\\\/\\\/www.lajarbelle.com\\\/#website\",\"url\":\"https:\\\/\\\/www.lajarbelle.com\\\/\",\"name\":\"La Jarbelle - G\u00eetes et Spa\",\"description\":\"Le bien-\u00eatre \u00e0 la montagne\",\"publisher\":{\"@id\":\"https:\\\/\\\/www.lajarbelle.com\\\/#organization\"},\"potentialAction\":[{\"@type\":\"SearchAction\",\"target\":{\"@type\":\"EntryPoint\",\"urlTemplate\":\"https:\\\/\\\/www.lajarbelle.com\\\/?s={search_term_string}\"},\"query-input\":{\"@type\":\"PropertyValueSpecification\",\"valueRequired\":true,\"valueName\":\"search_term_string\"}}],\"inLanguage\":\"fr-FR\"},{\"@type\":\"Organization\",\"@id\":\"https:\\\/\\\/www.lajarbelle.com\\\/#organization\",\"name\":\"SAS LA JARBELLE\",\"url\":\"https:\\\/\\\/www.lajarbelle.com\\\/\",\"logo\":{\"@type\":\"ImageObject\",\"inLanguage\":\"fr-FR\",\"@id\":\"https:\\\/\\\/www.lajarbelle.com\\\/#\\\/schema\\\/logo\\\/image\\\/\",\"url\":\"https:\\\/\\\/www.lajarbelle.com\\\/wp-content\\\/uploads\\\/2020\\\/05\\\/icone_lajarbelle.png\",\"contentUrl\":\"https:\\\/\\\/www.lajarbelle.com\\\/wp-content\\\/uploads\\\/2020\\\/05\\\/icone_lajarbelle.png\",\"width\":250,\"height\":250,\"caption\":\"SAS LA JARBELLE\"},\"image\":{\"@id\":\"https:\\\/\\\/www.lajarbelle.com\\\/#\\\/schema\\\/logo\\\/image\\\/\"},\"sameAs\":[\"https:\\\/\\\/www.facebook.com\\\/gitelajarbelle\",\"https:\\\/\\\/x.com\\\/lajarbelle\",\"https:\\\/\\\/instagram.com\\\/gite_lajarbelle\",\"http:\\\/\\\/www.linkedin.com\\\/in\\\/guillaume-plisson-05200\",\"https:\\\/\\\/www.pinterest.fr\\\/lajarbelle\"]},{\"@type\":\"Person\",\"@id\":\"https:\\\/\\\/www.lajarbelle.com\\\/#\\\/schema\\\/person\\\/afa2d71425f6eacce0931f3031f7d80f\",\"name\":\"La jarbelle\",\"image\":{\"@type\":\"ImageObject\",\"inLanguage\":\"fr-FR\",\"@id\":\"https:\\\/\\\/secure.gravatar.com\\\/avatar\\\/3e736281943c32c619f314e14fd361dad3c4e800935c4fe65c9df7cd105cd96c?s=96&d=mm&r=g\",\"url\":\"https:\\\/\\\/secure.gravatar.com\\\/avatar\\\/3e736281943c32c619f314e14fd361dad3c4e800935c4fe65c9df7cd105cd96c?s=96&d=mm&r=g\",\"contentUrl\":\"https:\\\/\\\/secure.gravatar.com\\\/avatar\\\/3e736281943c32c619f314e14fd361dad3c4e800935c4fe65c9df7cd105cd96c?s=96&d=mm&r=g\",\"caption\":\"La jarbelle\"}}]}<\/script>\n<!-- \/ Yoast SEO Premium plugin. -->","yoast_head_json":{"title":"Les Orres accueille la coupe d'Europe de VTT DESCENTE\u00a0du 25 au 27 juillet 2025 - La Jarbelle - G\u00eetes et Spa","description":"Riders de haut niveau, sauts spectaculaires, descentes ultra-techniques... Tout est r\u00e9uni pour une course inoubliable, pr\u00e9parez-vous \u00e0 en prendre plein les yeux. Venez vibrer au rythme de la course et encourager vos riders pr\u00e9f\u00e9r\u00e9s !","robots":{"index":"index","follow":"follow","max-snippet":"max-snippet:-1","max-image-preview":"max-image-preview:large","max-video-preview":"max-video-preview:-1"},"canonical":"https:\/\/www.lajarbelle.com\/index.php\/2025\/07\/18\/les-orres-accueille-la-coupe-deurope-de-vtt-descente-du-25-au-27-juillet-2025\/","og_locale":"fr_FR","og_type":"article","og_title":"Les Orres accueille la coupe d'Europe de VTT DESCENTE\u00a0du 25 au 27 juillet 2025","og_description":"Riders de haut niveau, sauts spectaculaires, descentes ultra-techniques... Tout est r\u00e9uni pour une course inoubliable, pr\u00e9parez-vous \u00e0 en prendre plein les yeux. Venez vibrer au rythme de la course et encourager vos riders pr\u00e9f\u00e9r\u00e9s !","og_url":"https:\/\/www.lajarbelle.com\/index.php\/2025\/07\/18\/les-orres-accueille-la-coupe-deurope-de-vtt-descente-du-25-au-27-juillet-2025\/","og_site_name":"La Jarbelle - G\u00eetes et Spa","article_publisher":"https:\/\/www.facebook.com\/gitelajarbelle","article_published_time":"2025-07-18T07:20:28+00:00","article_modified_time":"2025-07-18T07:24:38+00:00","og_image":[{"width":1900,"height":800,"url":"https:\/\/www.lajarbelle.com\/wp-content\/uploads\/2025\/06\/pass-ete-2025-1900x800-1.png","type":"image\/png"}],"author":"La jarbelle","twitter_card":"summary_large_image","twitter_creator":"@lajarbelle","twitter_site":"@lajarbelle","twitter_misc":{"\u00c9crit par":"La jarbelle","Dur\u00e9e de lecture estim\u00e9e":"1 minute"},"schema":{"@context":"https:\/\/schema.org","@graph":[{"@type":"Article","@id":"https:\/\/www.lajarbelle.com\/index.php\/2025\/07\/18\/les-orres-accueille-la-coupe-deurope-de-vtt-descente-du-25-au-27-juillet-2025\/#article","isPartOf":{"@id":"https:\/\/www.lajarbelle.com\/index.php\/2025\/07\/18\/les-orres-accueille-la-coupe-deurope-de-vtt-descente-du-25-au-27-juillet-2025\/"},"author":{"name":"La jarbelle","@id":"https:\/\/www.lajarbelle.com\/#\/schema\/person\/afa2d71425f6eacce0931f3031f7d80f"},"headline":"Les Orres accueille la coupe d&rsquo;Europe de VTT DESCENTE\u00a0du 25 au 27 juillet 2025","datePublished":"2025-07-18T07:20:28+00:00","dateModified":"2025-07-18T07:24:38+00:00","mainEntityOfPage":{"@id":"https:\/\/www.lajarbelle.com\/index.php\/2025\/07\/18\/les-orres-accueille-la-coupe-deurope-de-vtt-descente-du-25-au-27-juillet-2025\/"},"wordCount":107,"publisher":{"@id":"https:\/\/www.lajarbelle.com\/#organization"},"image":{"@id":"https:\/\/www.lajarbelle.com\/index.php\/2025\/07\/18\/les-orres-accueille-la-coupe-deurope-de-vtt-descente-du-25-au-27-juillet-2025\/#primaryimage"},"thumbnailUrl":"https:\/\/www.lajarbelle.com\/wp-content\/uploads\/2025\/07\/capture-d-ecran-2023-06-26-140158.png","keywords":["#randonn\u00e9es","#spa","activit\u00e9s","bien-etre","\u00e9t\u00e9","montagne","VTT"],"articleSection":["Culture et divertissements","information g\u00e9n\u00e9rale","Sports \u00e9t\u00e9","Vacances"],"inLanguage":"fr-FR"},{"@type":"WebPage","@id":"https:\/\/www.lajarbelle.com\/index.php\/2025\/07\/18\/les-orres-accueille-la-coupe-deurope-de-vtt-descente-du-25-au-27-juillet-2025\/","url":"https:\/\/www.lajarbelle.com\/index.php\/2025\/07\/18\/les-orres-accueille-la-coupe-deurope-de-vtt-descente-du-25-au-27-juillet-2025\/","name":"Les Orres accueille la coupe d'Europe de VTT DESCENTE\u00a0du 25 au 27 juillet 2025 - La Jarbelle - G\u00eetes et Spa","isPartOf":{"@id":"https:\/\/www.lajarbelle.com\/#website"},"primaryImageOfPage":{"@id":"https:\/\/www.lajarbelle.com\/index.php\/2025\/07\/18\/les-orres-accueille-la-coupe-deurope-de-vtt-descente-du-25-au-27-juillet-2025\/#primaryimage"},"image":{"@id":"https:\/\/www.lajarbelle.com\/index.php\/2025\/07\/18\/les-orres-accueille-la-coupe-deurope-de-vtt-descente-du-25-au-27-juillet-2025\/#primaryimage"},"thumbnailUrl":"https:\/\/www.lajarbelle.com\/wp-content\/uploads\/2025\/07\/capture-d-ecran-2023-06-26-140158.png","datePublished":"2025-07-18T07:20:28+00:00","dateModified":"2025-07-18T07:24:38+00:00","description":"Riders de haut niveau, sauts spectaculaires, descentes ultra-techniques... Tout est r\u00e9uni pour une course inoubliable, pr\u00e9parez-vous \u00e0 en prendre plein les yeux. Venez vibrer au rythme de la course et encourager vos riders pr\u00e9f\u00e9r\u00e9s !","breadcrumb":{"@id":"https:\/\/www.lajarbelle.com\/index.php\/2025\/07\/18\/les-orres-accueille-la-coupe-deurope-de-vtt-descente-du-25-au-27-juillet-2025\/#breadcrumb"},"inLanguage":"fr-FR","potentialAction":[{"@type":"ReadAction","target":["https:\/\/www.lajarbelle.com\/index.php\/2025\/07\/18\/les-orres-accueille-la-coupe-deurope-de-vtt-descente-du-25-au-27-juillet-2025\/"]}]},{"@type":"ImageObject","inLanguage":"fr-FR","@id":"https:\/\/www.lajarbelle.com\/index.php\/2025\/07\/18\/les-orres-accueille-la-coupe-deurope-de-vtt-descente-du-25-au-27-juillet-2025\/#primaryimage","url":"https:\/\/www.lajarbelle.com\/wp-content\/uploads\/2025\/07\/capture-d-ecran-2023-06-26-140158.png","contentUrl":"https:\/\/www.lajarbelle.com\/wp-content\/uploads\/2025\/07\/capture-d-ecran-2023-06-26-140158.png","width":698,"height":500,"caption":"Bike Park"},{"@type":"BreadcrumbList","@id":"https:\/\/www.lajarbelle.com\/index.php\/2025\/07\/18\/les-orres-accueille-la-coupe-deurope-de-vtt-descente-du-25-au-27-juillet-2025\/#breadcrumb","itemListElement":[{"@type":"ListItem","position":1,"name":"Accueil","item":"https:\/\/www.lajarbelle.com\/"},{"@type":"ListItem","position":2,"name":"Les Orres accueille la coupe d&rsquo;Europe de VTT DESCENTE\u00a0du 25 au 27 juillet 2025"}]},{"@type":"WebSite","@id":"https:\/\/www.lajarbelle.com\/#website","url":"https:\/\/www.lajarbelle.com\/","name":"La Jarbelle - G\u00eetes et Spa","description":"Le bien-\u00eatre \u00e0 la montagne","publisher":{"@id":"https:\/\/www.lajarbelle.com\/#organization"},"potentialAction":[{"@type":"SearchAction","target":{"@type":"EntryPoint","urlTemplate":"https:\/\/www.lajarbelle.com\/?s={search_term_string}"},"query-input":{"@type":"PropertyValueSpecification","valueRequired":true,"valueName":"search_term_string"}}],"inLanguage":"fr-FR"},{"@type":"Organization","@id":"https:\/\/www.lajarbelle.com\/#organization","name":"SAS LA JARBELLE","url":"https:\/\/www.lajarbelle.com\/","logo":{"@type":"ImageObject","inLanguage":"fr-FR","@id":"https:\/\/www.lajarbelle.com\/#\/schema\/logo\/image\/","url":"https:\/\/www.lajarbelle.com\/wp-content\/uploads\/2020\/05\/icone_lajarbelle.png","contentUrl":"https:\/\/www.lajarbelle.com\/wp-content\/uploads\/2020\/05\/icone_lajarbelle.png","width":250,"height":250,"caption":"SAS LA JARBELLE"},"image":{"@id":"https:\/\/www.lajarbelle.com\/#\/schema\/logo\/image\/"},"sameAs":["https:\/\/www.facebook.com\/gitelajarbelle","https:\/\/x.com\/lajarbelle","https:\/\/instagram.com\/gite_lajarbelle","http:\/\/www.linkedin.com\/in\/guillaume-plisson-05200","https:\/\/www.pinterest.fr\/lajarbelle"]},{"@type":"Person","@id":"https:\/\/www.lajarbelle.com\/#\/schema\/person\/afa2d71425f6eacce0931f3031f7d80f","name":"La jarbelle","image":{"@type":"ImageObject","inLanguage":"fr-FR","@id":"https:\/\/secure.gravatar.com\/avatar\/3e736281943c32c619f314e14fd361dad3c4e800935c4fe65c9df7cd105cd96c?s=96&d=mm&r=g","url":"https:\/\/secure.gravatar.com\/avatar\/3e736281943c32c619f314e14fd361dad3c4e800935c4fe65c9df7cd105cd96c?s=96&d=mm&r=g","contentUrl":"https:\/\/secure.gravatar.com\/avatar\/3e736281943c32c619f314e14fd361dad3c4e800935c4fe65c9df7cd105cd96c?s=96&d=mm&r=g","caption":"La jarbelle"}}]}},"_links":{"self":[{"href":"https:\/\/www.lajarbelle.com\/index.php\/wp-json\/wp\/v2\/posts\/9490","targetHints":{"allow":["GET"]}}],"collection":[{"href":"https:\/\/www.lajarbelle.com\/index.php\/wp-json\/wp\/v2\/posts"}],"about":[{"href":"https:\/\/www.lajarbelle.com\/index.php\/wp-json\/wp\/v2\/types\/post"}],"author":[{"embeddable":true,"href":"https:\/\/www.lajarbelle.com\/index.php\/wp-json\/wp\/v2\/users\/1"}],"replies":[{"embeddable":true,"href":"https:\/\/www.lajarbelle.com\/index.php\/wp-json\/wp\/v2\/comments?post=9490"}],"version-history":[{"count":4,"href":"https:\/\/www.lajarbelle.com\/index.php\/wp-json\/wp\/v2\/posts\/9490\/revisions"}],"predecessor-version":[{"id":9496,"href":"https:\/\/www.lajarbelle.com\/index.php\/wp-json\/wp\/v2\/posts\/9490\/revisions\/9496"}],"wp:featuredmedia":[{"embeddable":true,"href":"https:\/\/www.lajarbelle.com\/index.php\/wp-json\/wp\/v2\/media\/9491"}],"wp:attachment":[{"href":"https:\/\/www.lajarbelle.com\/index.php\/wp-json\/wp\/v2\/media?parent=9490"}],"wp:term":[{"taxonomy":"category","embeddable":true,"href":"https:\/\/www.lajarbelle.com\/index.php\/wp-json\/wp\/v2\/categories?post=9490"},{"taxonomy":"post_tag","embeddable":true,"href":"https:\/\/www.lajarbelle.com\/index.php\/wp-json\/wp\/v2\/tags?post=9490"}],"curies":[{"name":"wp","href":"https:\/\/api.w.org\/{rel}","templated":true}]}}