{"id":9502,"date":"2025-07-26T23:04:38","date_gmt":"2025-07-26T21:04:38","guid":{"rendered":"https:\/\/www.lajarbelle.com\/?p=9502"},"modified":"2025-07-26T23:04:39","modified_gmt":"2025-07-26T21:04:39","slug":"festival-game-of-trees-concerts-art-et-nature-au-coeur-des-montagnes-des-orres-du-31-juillet-au-3-aout-2025","status":"publish","type":"post","link":"https:\/\/www.lajarbelle.com\/index.php\/2025\/07\/26\/festival-game-of-trees-concerts-art-et-nature-au-coeur-des-montagnes-des-orres-du-31-juillet-au-3-aout-2025\/","title":{"rendered":"festival Game of Trees : concerts, art et nature au c\u0153ur des montagnes des Orres du 31 juillet au 3 ao\u00fbt 2025"},"content":{"rendered":"\t\t<div data-elementor-type=\"wp-post\" data-elementor-id=\"9502\" class=\"elementor elementor-9502\" data-elementor-post-type=\"post\">\n\t\t\t\t<div class=\"elementor-element elementor-element-c5a4f9a e-flex e-con-boxed e-con e-parent\" data-id=\"c5a4f9a\" data-element_type=\"container\" data-e-type=\"container\">\n\t\t\t\t\t<div class=\"e-con-inner\">\n\t\t\t\t<div class=\"elementor-element elementor-element-dff11aa elementor-widget elementor-widget-text-editor\" data-id=\"dff11aa\" data-element_type=\"widget\" data-e-type=\"widget\" data-widget_type=\"text-editor.default\">\n\t\t\t\t<div class=\"elementor-widget-container\">\n\t\t\t\t\t\t\t\t\t<h3><strong>DU JEUDI 31 JUILLET AU DIMANCHE 3 AO\u00dbT 2025<\/strong><\/h3><p><img decoding=\"async\" src=\"https:\/\/ci3.googleusercontent.com\/meips\/ADKq_NaxmWYSfSMdBgdmf_c_MZyOegcXOQqC8m9mCRHQtrP0hC9FIWogqMPpjanc7aoP4qBSIHEz_8vCtcKtLy4TozTzBbxxNgypUKfC3_LxHg-flX6AzdxP=s0-d-e1-ft#https:\/\/app.avizi.fr\/editeur-emailing\/uploads\/e464\/1080x1080.jpg\" \/><\/p><p>Le\u00a0<a href=\"https:\/\/gameoftreesfestival.fr\/\" target=\"_blank\" rel=\"noopener\"><strong>festival Game Of Trees<\/strong><\/a><strong>\u00a0<\/strong>est un festival\u00a0<strong>\u00e9clectique\u00a0<\/strong>et\u00a0<strong>\u00e0 taille humaine<\/strong>\u00a0o\u00f9\u00a0<strong>musique<\/strong>,\u00a0<strong>art<\/strong>,\u00a0<strong>sport et nature<\/strong>\u00a0se m\u00ealent pour donner vie \u00e0 une\u00a0<strong>aventure humaine<\/strong>\u00a0inspirante et vivifiante. Au programme, des\u00a0<strong>artistes engag\u00e9es<\/strong>\u00a0:\u00a0<br \/>&#8211;\u00a0<strong>Olivia Ruiz<\/strong><br \/>&#8211;<strong>\u00a0Thomas Dutronc<\/strong><br \/>&#8211;\u00a0<strong>Emma Peters<\/strong><br \/>&#8211;\u00a0<strong>Les Yeux de la T\u00eate&#8230;<\/strong>\u00a0<\/p><p>Pour cette 4<sup>\u00e8me<\/sup>\u00a0\u00e9dition, la\u00a0<strong>biodiversit\u00e9\u00a0<\/strong>est au c\u0153ur des concerts et animations du Game of Trees, au travers des\u00a0<strong>r\u00e9cits<\/strong>, de\u00a0<strong>l&rsquo;imaginaire\u00a0<\/strong>et des\u00a0<strong>\u00e9motions<\/strong>.\u00a0<\/p>\t\t\t\t\t\t\t\t<\/div>\n\t\t\t\t<\/div>\n\t\t\t\t\t<\/div>\n\t\t\t\t<\/div>\n\t\t\t\t<\/div>\n\t\t","protected":false},"excerpt":{"rendered":"<p>DU JEUDI 31 JUILLET AU DIMANCHE 3 AO\u00dbT 2025 Le\u00a0festival Game Of Trees\u00a0est un festival\u00a0\u00e9clectique\u00a0et\u00a0\u00e0 taille humaine\u00a0o\u00f9\u00a0musique,\u00a0art,\u00a0sport et nature\u00a0se m\u00ealent pour donner vie \u00e0 une\u00a0aventure humaine\u00a0inspirante et vivifiante. Au programme, des\u00a0artistes engag\u00e9es\u00a0:\u00a0&#8211;\u00a0Olivia Ruiz&#8211;\u00a0Thomas Dutronc&#8211;\u00a0Emma Peters&#8211;\u00a0Les Yeux de la T\u00eate&#8230;\u00a0 Pour cette 4\u00e8me\u00a0\u00e9dition, la\u00a0biodiversit\u00e9\u00a0est au c\u0153ur des concerts et animations du Game of Trees, au travers [&hellip;]<\/p>\n","protected":false},"author":1,"featured_media":9507,"comment_status":"closed","ping_status":"open","sticky":false,"template":"","format":"standard","meta":{"footnotes":""},"categories":[17,81,82,19],"tags":[150,147,160,112,164,142,115,129,141],"class_list":["post-9502","post","type-post","status-publish","format-standard","has-post-thumbnail","hentry","category-attractions","category-culture-divertissements","category-info-generale","category-vacances","tag-randonnees","tag-spa","tag-activites","tag-bien-etre","tag-concert-2","tag-ete","tag-festival","tag-montagne","tag-vtt"],"yoast_head":"<!-- This site is optimized with the Yoast SEO Premium plugin v25.6 (Yoast SEO v27.5) - https:\/\/yoast.com\/product\/yoast-seo-premium-wordpress\/ -->\n<title>festival Game of Trees : concerts, art et nature au c\u0153ur des montagnes des Orres du 31 juillet au 3 ao\u00fbt 2025 - La Jarbelle - G\u00eetes et Spa<\/title>\n<meta name=\"description\" content=\"Riders de haut niveau, sauts spectaculaires, descentes ultra-techniques... Tout est r\u00e9uni pour une course inoubliable, pr\u00e9parez-vous \u00e0 en prendre plein les yeux. Venez vibrer au rythme de la course et encourager vos riders pr\u00e9f\u00e9r\u00e9s !\" \/>\n<meta name=\"robots\" content=\"index, follow, max-snippet:-1, max-image-preview:large, max-video-preview:-1\" \/>\n<link rel=\"canonical\" href=\"https:\/\/www.lajarbelle.com\/index.php\/2025\/07\/26\/festival-game-of-trees-concerts-art-et-nature-au-coeur-des-montagnes-des-orres-du-31-juillet-au-3-aout-2025\/\" \/>\n<meta property=\"og:locale\" content=\"fr_FR\" \/>\n<meta property=\"og:type\" content=\"article\" \/>\n<meta property=\"og:title\" content=\"festival Game of Trees : concerts, art et nature au c\u0153ur des montagnes des Orres du 31 juillet au 3 ao\u00fbt 2025\" \/>\n<meta property=\"og:description\" content=\"Riders de haut niveau, sauts spectaculaires, descentes ultra-techniques... Tout est r\u00e9uni pour une course inoubliable, pr\u00e9parez-vous \u00e0 en prendre plein les yeux. Venez vibrer au rythme de la course et encourager vos riders pr\u00e9f\u00e9r\u00e9s !\" \/>\n<meta property=\"og:url\" content=\"https:\/\/www.lajarbelle.com\/index.php\/2025\/07\/26\/festival-game-of-trees-concerts-art-et-nature-au-coeur-des-montagnes-des-orres-du-31-juillet-au-3-aout-2025\/\" \/>\n<meta property=\"og:site_name\" content=\"La Jarbelle - G\u00eetes et Spa\" \/>\n<meta property=\"article:publisher\" content=\"https:\/\/www.facebook.com\/gitelajarbelle\" \/>\n<meta property=\"article:published_time\" content=\"2025-07-26T21:04:38+00:00\" \/>\n<meta property=\"article:modified_time\" content=\"2025-07-26T21:04:39+00:00\" \/>\n<meta property=\"og:image\" content=\"https:\/\/www.lajarbelle.com\/wp-content\/uploads\/2025\/06\/pass-ete-2025-1900x800-1.png\" \/>\n\t<meta property=\"og:image:width\" content=\"1900\" \/>\n\t<meta property=\"og:image:height\" content=\"800\" \/>\n\t<meta property=\"og:image:type\" content=\"image\/png\" \/>\n<meta name=\"author\" content=\"La jarbelle\" \/>\n<meta name=\"twitter:card\" content=\"summary_large_image\" \/>\n<meta name=\"twitter:creator\" content=\"@lajarbelle\" \/>\n<meta name=\"twitter:site\" content=\"@lajarbelle\" \/>\n<meta name=\"twitter:label1\" content=\"\u00c9crit par\" \/>\n\t<meta name=\"twitter:data1\" content=\"La jarbelle\" \/>\n\t<meta name=\"twitter:label2\" content=\"Dur\u00e9e de lecture estim\u00e9e\" \/>\n\t<meta name=\"twitter:data2\" content=\"1 minute\" \/>\n<script type=\"application\/ld+json\" class=\"yoast-schema-graph\">{\"@context\":\"https:\\\/\\\/schema.org\",\"@graph\":[{\"@type\":\"Article\",\"@id\":\"https:\\\/\\\/www.lajarbelle.com\\\/index.php\\\/2025\\\/07\\\/26\\\/festival-game-of-trees-concerts-art-et-nature-au-coeur-des-montagnes-des-orres-du-31-juillet-au-3-aout-2025\\\/#article\",\"isPartOf\":{\"@id\":\"https:\\\/\\\/www.lajarbelle.com\\\/index.php\\\/2025\\\/07\\\/26\\\/festival-game-of-trees-concerts-art-et-nature-au-coeur-des-montagnes-des-orres-du-31-juillet-au-3-aout-2025\\\/\"},\"author\":{\"name\":\"La jarbelle\",\"@id\":\"https:\\\/\\\/www.lajarbelle.com\\\/#\\\/schema\\\/person\\\/afa2d71425f6eacce0931f3031f7d80f\"},\"headline\":\"festival Game of Trees : concerts, art et nature au c\u0153ur des montagnes des Orres du 31 juillet au 3 ao\u00fbt 2025\",\"datePublished\":\"2025-07-26T21:04:38+00:00\",\"dateModified\":\"2025-07-26T21:04:39+00:00\",\"mainEntityOfPage\":{\"@id\":\"https:\\\/\\\/www.lajarbelle.com\\\/index.php\\\/2025\\\/07\\\/26\\\/festival-game-of-trees-concerts-art-et-nature-au-coeur-des-montagnes-des-orres-du-31-juillet-au-3-aout-2025\\\/\"},\"wordCount\":107,\"publisher\":{\"@id\":\"https:\\\/\\\/www.lajarbelle.com\\\/#organization\"},\"image\":{\"@id\":\"https:\\\/\\\/www.lajarbelle.com\\\/index.php\\\/2025\\\/07\\\/26\\\/festival-game-of-trees-concerts-art-et-nature-au-coeur-des-montagnes-des-orres-du-31-juillet-au-3-aout-2025\\\/#primaryimage\"},\"thumbnailUrl\":\"https:\\\/\\\/www.lajarbelle.com\\\/wp-content\\\/uploads\\\/2025\\\/07\\\/531228880697abb9f9b87o.jpg\",\"keywords\":[\"#randonn\u00e9es\",\"#spa\",\"activit\u00e9s\",\"bien-etre\",\"concert\",\"\u00e9t\u00e9\",\"festival\",\"montagne\",\"VTT\"],\"articleSection\":[\"Attractions\",\"Culture et divertissements\",\"information g\u00e9n\u00e9rale\",\"Vacances\"],\"inLanguage\":\"fr-FR\"},{\"@type\":\"WebPage\",\"@id\":\"https:\\\/\\\/www.lajarbelle.com\\\/index.php\\\/2025\\\/07\\\/26\\\/festival-game-of-trees-concerts-art-et-nature-au-coeur-des-montagnes-des-orres-du-31-juillet-au-3-aout-2025\\\/\",\"url\":\"https:\\\/\\\/www.lajarbelle.com\\\/index.php\\\/2025\\\/07\\\/26\\\/festival-game-of-trees-concerts-art-et-nature-au-coeur-des-montagnes-des-orres-du-31-juillet-au-3-aout-2025\\\/\",\"name\":\"festival Game of Trees : concerts, art et nature au c\u0153ur des montagnes des Orres du 31 juillet au 3 ao\u00fbt 2025 - La Jarbelle - G\u00eetes et Spa\",\"isPartOf\":{\"@id\":\"https:\\\/\\\/www.lajarbelle.com\\\/#website\"},\"primaryImageOfPage\":{\"@id\":\"https:\\\/\\\/www.lajarbelle.com\\\/index.php\\\/2025\\\/07\\\/26\\\/festival-game-of-trees-concerts-art-et-nature-au-coeur-des-montagnes-des-orres-du-31-juillet-au-3-aout-2025\\\/#primaryimage\"},\"image\":{\"@id\":\"https:\\\/\\\/www.lajarbelle.com\\\/index.php\\\/2025\\\/07\\\/26\\\/festival-game-of-trees-concerts-art-et-nature-au-coeur-des-montagnes-des-orres-du-31-juillet-au-3-aout-2025\\\/#primaryimage\"},\"thumbnailUrl\":\"https:\\\/\\\/www.lajarbelle.com\\\/wp-content\\\/uploads\\\/2025\\\/07\\\/531228880697abb9f9b87o.jpg\",\"datePublished\":\"2025-07-26T21:04:38+00:00\",\"dateModified\":\"2025-07-26T21:04:39+00:00\",\"description\":\"Riders de haut niveau, sauts spectaculaires, descentes ultra-techniques... Tout est r\u00e9uni pour une course inoubliable, pr\u00e9parez-vous \u00e0 en prendre plein les yeux. Venez vibrer au rythme de la course et encourager vos riders pr\u00e9f\u00e9r\u00e9s !\",\"breadcrumb\":{\"@id\":\"https:\\\/\\\/www.lajarbelle.com\\\/index.php\\\/2025\\\/07\\\/26\\\/festival-game-of-trees-concerts-art-et-nature-au-coeur-des-montagnes-des-orres-du-31-juillet-au-3-aout-2025\\\/#breadcrumb\"},\"inLanguage\":\"fr-FR\",\"potentialAction\":[{\"@type\":\"ReadAction\",\"target\":[\"https:\\\/\\\/www.lajarbelle.com\\\/index.php\\\/2025\\\/07\\\/26\\\/festival-game-of-trees-concerts-art-et-nature-au-coeur-des-montagnes-des-orres-du-31-juillet-au-3-aout-2025\\\/\"]}]},{\"@type\":\"ImageObject\",\"inLanguage\":\"fr-FR\",\"@id\":\"https:\\\/\\\/www.lajarbelle.com\\\/index.php\\\/2025\\\/07\\\/26\\\/festival-game-of-trees-concerts-art-et-nature-au-coeur-des-montagnes-des-orres-du-31-juillet-au-3-aout-2025\\\/#primaryimage\",\"url\":\"https:\\\/\\\/www.lajarbelle.com\\\/wp-content\\\/uploads\\\/2025\\\/07\\\/531228880697abb9f9b87o.jpg\",\"contentUrl\":\"https:\\\/\\\/www.lajarbelle.com\\\/wp-content\\\/uploads\\\/2025\\\/07\\\/531228880697abb9f9b87o.jpg\",\"width\":1350,\"height\":900},{\"@type\":\"BreadcrumbList\",\"@id\":\"https:\\\/\\\/www.lajarbelle.com\\\/index.php\\\/2025\\\/07\\\/26\\\/festival-game-of-trees-concerts-art-et-nature-au-coeur-des-montagnes-des-orres-du-31-juillet-au-3-aout-2025\\\/#breadcrumb\",\"itemListElement\":[{\"@type\":\"ListItem\",\"position\":1,\"name\":\"Accueil\",\"item\":\"https:\\\/\\\/www.lajarbelle.com\\\/\"},{\"@type\":\"ListItem\",\"position\":2,\"name\":\"festival Game of Trees : concerts, art et nature au c\u0153ur des montagnes des Orres du 31 juillet au 3 ao\u00fbt 2025\"}]},{\"@type\":\"WebSite\",\"@id\":\"https:\\\/\\\/www.lajarbelle.com\\\/#website\",\"url\":\"https:\\\/\\\/www.lajarbelle.com\\\/\",\"name\":\"La Jarbelle - G\u00eetes et Spa\",\"description\":\"Le bien-\u00eatre \u00e0 la montagne\",\"publisher\":{\"@id\":\"https:\\\/\\\/www.lajarbelle.com\\\/#organization\"},\"potentialAction\":[{\"@type\":\"SearchAction\",\"target\":{\"@type\":\"EntryPoint\",\"urlTemplate\":\"https:\\\/\\\/www.lajarbelle.com\\\/?s={search_term_string}\"},\"query-input\":{\"@type\":\"PropertyValueSpecification\",\"valueRequired\":true,\"valueName\":\"search_term_string\"}}],\"inLanguage\":\"fr-FR\"},{\"@type\":\"Organization\",\"@id\":\"https:\\\/\\\/www.lajarbelle.com\\\/#organization\",\"name\":\"SAS LA JARBELLE\",\"url\":\"https:\\\/\\\/www.lajarbelle.com\\\/\",\"logo\":{\"@type\":\"ImageObject\",\"inLanguage\":\"fr-FR\",\"@id\":\"https:\\\/\\\/www.lajarbelle.com\\\/#\\\/schema\\\/logo\\\/image\\\/\",\"url\":\"https:\\\/\\\/www.lajarbelle.com\\\/wp-content\\\/uploads\\\/2020\\\/05\\\/icone_lajarbelle.png\",\"contentUrl\":\"https:\\\/\\\/www.lajarbelle.com\\\/wp-content\\\/uploads\\\/2020\\\/05\\\/icone_lajarbelle.png\",\"width\":250,\"height\":250,\"caption\":\"SAS LA JARBELLE\"},\"image\":{\"@id\":\"https:\\\/\\\/www.lajarbelle.com\\\/#\\\/schema\\\/logo\\\/image\\\/\"},\"sameAs\":[\"https:\\\/\\\/www.facebook.com\\\/gitelajarbelle\",\"https:\\\/\\\/x.com\\\/lajarbelle\",\"https:\\\/\\\/instagram.com\\\/gite_lajarbelle\",\"http:\\\/\\\/www.linkedin.com\\\/in\\\/guillaume-plisson-05200\",\"https:\\\/\\\/www.pinterest.fr\\\/lajarbelle\"]},{\"@type\":\"Person\",\"@id\":\"https:\\\/\\\/www.lajarbelle.com\\\/#\\\/schema\\\/person\\\/afa2d71425f6eacce0931f3031f7d80f\",\"name\":\"La jarbelle\",\"image\":{\"@type\":\"ImageObject\",\"inLanguage\":\"fr-FR\",\"@id\":\"https:\\\/\\\/secure.gravatar.com\\\/avatar\\\/3e736281943c32c619f314e14fd361dad3c4e800935c4fe65c9df7cd105cd96c?s=96&d=mm&r=g\",\"url\":\"https:\\\/\\\/secure.gravatar.com\\\/avatar\\\/3e736281943c32c619f314e14fd361dad3c4e800935c4fe65c9df7cd105cd96c?s=96&d=mm&r=g\",\"contentUrl\":\"https:\\\/\\\/secure.gravatar.com\\\/avatar\\\/3e736281943c32c619f314e14fd361dad3c4e800935c4fe65c9df7cd105cd96c?s=96&d=mm&r=g\",\"caption\":\"La jarbelle\"}}]}<\/script>\n<!-- \/ Yoast SEO Premium plugin. -->","yoast_head_json":{"title":"festival Game of Trees : concerts, art et nature au c\u0153ur des montagnes des Orres du 31 juillet au 3 ao\u00fbt 2025 - La Jarbelle - G\u00eetes et Spa","description":"Riders de haut niveau, sauts spectaculaires, descentes ultra-techniques... Tout est r\u00e9uni pour une course inoubliable, pr\u00e9parez-vous \u00e0 en prendre plein les yeux. Venez vibrer au rythme de la course et encourager vos riders pr\u00e9f\u00e9r\u00e9s !","robots":{"index":"index","follow":"follow","max-snippet":"max-snippet:-1","max-image-preview":"max-image-preview:large","max-video-preview":"max-video-preview:-1"},"canonical":"https:\/\/www.lajarbelle.com\/index.php\/2025\/07\/26\/festival-game-of-trees-concerts-art-et-nature-au-coeur-des-montagnes-des-orres-du-31-juillet-au-3-aout-2025\/","og_locale":"fr_FR","og_type":"article","og_title":"festival Game of Trees : concerts, art et nature au c\u0153ur des montagnes des Orres du 31 juillet au 3 ao\u00fbt 2025","og_description":"Riders de haut niveau, sauts spectaculaires, descentes ultra-techniques... Tout est r\u00e9uni pour une course inoubliable, pr\u00e9parez-vous \u00e0 en prendre plein les yeux. Venez vibrer au rythme de la course et encourager vos riders pr\u00e9f\u00e9r\u00e9s !","og_url":"https:\/\/www.lajarbelle.com\/index.php\/2025\/07\/26\/festival-game-of-trees-concerts-art-et-nature-au-coeur-des-montagnes-des-orres-du-31-juillet-au-3-aout-2025\/","og_site_name":"La Jarbelle - G\u00eetes et Spa","article_publisher":"https:\/\/www.facebook.com\/gitelajarbelle","article_published_time":"2025-07-26T21:04:38+00:00","article_modified_time":"2025-07-26T21:04:39+00:00","og_image":[{"width":1900,"height":800,"url":"https:\/\/www.lajarbelle.com\/wp-content\/uploads\/2025\/06\/pass-ete-2025-1900x800-1.png","type":"image\/png"}],"author":"La jarbelle","twitter_card":"summary_large_image","twitter_creator":"@lajarbelle","twitter_site":"@lajarbelle","twitter_misc":{"\u00c9crit par":"La jarbelle","Dur\u00e9e de lecture estim\u00e9e":"1 minute"},"schema":{"@context":"https:\/\/schema.org","@graph":[{"@type":"Article","@id":"https:\/\/www.lajarbelle.com\/index.php\/2025\/07\/26\/festival-game-of-trees-concerts-art-et-nature-au-coeur-des-montagnes-des-orres-du-31-juillet-au-3-aout-2025\/#article","isPartOf":{"@id":"https:\/\/www.lajarbelle.com\/index.php\/2025\/07\/26\/festival-game-of-trees-concerts-art-et-nature-au-coeur-des-montagnes-des-orres-du-31-juillet-au-3-aout-2025\/"},"author":{"name":"La jarbelle","@id":"https:\/\/www.lajarbelle.com\/#\/schema\/person\/afa2d71425f6eacce0931f3031f7d80f"},"headline":"festival Game of Trees : concerts, art et nature au c\u0153ur des montagnes des Orres du 31 juillet au 3 ao\u00fbt 2025","datePublished":"2025-07-26T21:04:38+00:00","dateModified":"2025-07-26T21:04:39+00:00","mainEntityOfPage":{"@id":"https:\/\/www.lajarbelle.com\/index.php\/2025\/07\/26\/festival-game-of-trees-concerts-art-et-nature-au-coeur-des-montagnes-des-orres-du-31-juillet-au-3-aout-2025\/"},"wordCount":107,"publisher":{"@id":"https:\/\/www.lajarbelle.com\/#organization"},"image":{"@id":"https:\/\/www.lajarbelle.com\/index.php\/2025\/07\/26\/festival-game-of-trees-concerts-art-et-nature-au-coeur-des-montagnes-des-orres-du-31-juillet-au-3-aout-2025\/#primaryimage"},"thumbnailUrl":"https:\/\/www.lajarbelle.com\/wp-content\/uploads\/2025\/07\/531228880697abb9f9b87o.jpg","keywords":["#randonn\u00e9es","#spa","activit\u00e9s","bien-etre","concert","\u00e9t\u00e9","festival","montagne","VTT"],"articleSection":["Attractions","Culture et divertissements","information g\u00e9n\u00e9rale","Vacances"],"inLanguage":"fr-FR"},{"@type":"WebPage","@id":"https:\/\/www.lajarbelle.com\/index.php\/2025\/07\/26\/festival-game-of-trees-concerts-art-et-nature-au-coeur-des-montagnes-des-orres-du-31-juillet-au-3-aout-2025\/","url":"https:\/\/www.lajarbelle.com\/index.php\/2025\/07\/26\/festival-game-of-trees-concerts-art-et-nature-au-coeur-des-montagnes-des-orres-du-31-juillet-au-3-aout-2025\/","name":"festival Game of Trees : concerts, art et nature au c\u0153ur des montagnes des Orres du 31 juillet au 3 ao\u00fbt 2025 - La Jarbelle - G\u00eetes et Spa","isPartOf":{"@id":"https:\/\/www.lajarbelle.com\/#website"},"primaryImageOfPage":{"@id":"https:\/\/www.lajarbelle.com\/index.php\/2025\/07\/26\/festival-game-of-trees-concerts-art-et-nature-au-coeur-des-montagnes-des-orres-du-31-juillet-au-3-aout-2025\/#primaryimage"},"image":{"@id":"https:\/\/www.lajarbelle.com\/index.php\/2025\/07\/26\/festival-game-of-trees-concerts-art-et-nature-au-coeur-des-montagnes-des-orres-du-31-juillet-au-3-aout-2025\/#primaryimage"},"thumbnailUrl":"https:\/\/www.lajarbelle.com\/wp-content\/uploads\/2025\/07\/531228880697abb9f9b87o.jpg","datePublished":"2025-07-26T21:04:38+00:00","dateModified":"2025-07-26T21:04:39+00:00","description":"Riders de haut niveau, sauts spectaculaires, descentes ultra-techniques... Tout est r\u00e9uni pour une course inoubliable, pr\u00e9parez-vous \u00e0 en prendre plein les yeux. Venez vibrer au rythme de la course et encourager vos riders pr\u00e9f\u00e9r\u00e9s !","breadcrumb":{"@id":"https:\/\/www.lajarbelle.com\/index.php\/2025\/07\/26\/festival-game-of-trees-concerts-art-et-nature-au-coeur-des-montagnes-des-orres-du-31-juillet-au-3-aout-2025\/#breadcrumb"},"inLanguage":"fr-FR","potentialAction":[{"@type":"ReadAction","target":["https:\/\/www.lajarbelle.com\/index.php\/2025\/07\/26\/festival-game-of-trees-concerts-art-et-nature-au-coeur-des-montagnes-des-orres-du-31-juillet-au-3-aout-2025\/"]}]},{"@type":"ImageObject","inLanguage":"fr-FR","@id":"https:\/\/www.lajarbelle.com\/index.php\/2025\/07\/26\/festival-game-of-trees-concerts-art-et-nature-au-coeur-des-montagnes-des-orres-du-31-juillet-au-3-aout-2025\/#primaryimage","url":"https:\/\/www.lajarbelle.com\/wp-content\/uploads\/2025\/07\/531228880697abb9f9b87o.jpg","contentUrl":"https:\/\/www.lajarbelle.com\/wp-content\/uploads\/2025\/07\/531228880697abb9f9b87o.jpg","width":1350,"height":900},{"@type":"BreadcrumbList","@id":"https:\/\/www.lajarbelle.com\/index.php\/2025\/07\/26\/festival-game-of-trees-concerts-art-et-nature-au-coeur-des-montagnes-des-orres-du-31-juillet-au-3-aout-2025\/#breadcrumb","itemListElement":[{"@type":"ListItem","position":1,"name":"Accueil","item":"https:\/\/www.lajarbelle.com\/"},{"@type":"ListItem","position":2,"name":"festival Game of Trees : concerts, art et nature au c\u0153ur des montagnes des Orres du 31 juillet au 3 ao\u00fbt 2025"}]},{"@type":"WebSite","@id":"https:\/\/www.lajarbelle.com\/#website","url":"https:\/\/www.lajarbelle.com\/","name":"La Jarbelle - G\u00eetes et Spa","description":"Le bien-\u00eatre \u00e0 la montagne","publisher":{"@id":"https:\/\/www.lajarbelle.com\/#organization"},"potentialAction":[{"@type":"SearchAction","target":{"@type":"EntryPoint","urlTemplate":"https:\/\/www.lajarbelle.com\/?s={search_term_string}"},"query-input":{"@type":"PropertyValueSpecification","valueRequired":true,"valueName":"search_term_string"}}],"inLanguage":"fr-FR"},{"@type":"Organization","@id":"https:\/\/www.lajarbelle.com\/#organization","name":"SAS LA JARBELLE","url":"https:\/\/www.lajarbelle.com\/","logo":{"@type":"ImageObject","inLanguage":"fr-FR","@id":"https:\/\/www.lajarbelle.com\/#\/schema\/logo\/image\/","url":"https:\/\/www.lajarbelle.com\/wp-content\/uploads\/2020\/05\/icone_lajarbelle.png","contentUrl":"https:\/\/www.lajarbelle.com\/wp-content\/uploads\/2020\/05\/icone_lajarbelle.png","width":250,"height":250,"caption":"SAS LA JARBELLE"},"image":{"@id":"https:\/\/www.lajarbelle.com\/#\/schema\/logo\/image\/"},"sameAs":["https:\/\/www.facebook.com\/gitelajarbelle","https:\/\/x.com\/lajarbelle","https:\/\/instagram.com\/gite_lajarbelle","http:\/\/www.linkedin.com\/in\/guillaume-plisson-05200","https:\/\/www.pinterest.fr\/lajarbelle"]},{"@type":"Person","@id":"https:\/\/www.lajarbelle.com\/#\/schema\/person\/afa2d71425f6eacce0931f3031f7d80f","name":"La jarbelle","image":{"@type":"ImageObject","inLanguage":"fr-FR","@id":"https:\/\/secure.gravatar.com\/avatar\/3e736281943c32c619f314e14fd361dad3c4e800935c4fe65c9df7cd105cd96c?s=96&d=mm&r=g","url":"https:\/\/secure.gravatar.com\/avatar\/3e736281943c32c619f314e14fd361dad3c4e800935c4fe65c9df7cd105cd96c?s=96&d=mm&r=g","contentUrl":"https:\/\/secure.gravatar.com\/avatar\/3e736281943c32c619f314e14fd361dad3c4e800935c4fe65c9df7cd105cd96c?s=96&d=mm&r=g","caption":"La jarbelle"}}]}},"_links":{"self":[{"href":"https:\/\/www.lajarbelle.com\/index.php\/wp-json\/wp\/v2\/posts\/9502","targetHints":{"allow":["GET"]}}],"collection":[{"href":"https:\/\/www.lajarbelle.com\/index.php\/wp-json\/wp\/v2\/posts"}],"about":[{"href":"https:\/\/www.lajarbelle.com\/index.php\/wp-json\/wp\/v2\/types\/post"}],"author":[{"embeddable":true,"href":"https:\/\/www.lajarbelle.com\/index.php\/wp-json\/wp\/v2\/users\/1"}],"replies":[{"embeddable":true,"href":"https:\/\/www.lajarbelle.com\/index.php\/wp-json\/wp\/v2\/comments?post=9502"}],"version-history":[{"count":4,"href":"https:\/\/www.lajarbelle.com\/index.php\/wp-json\/wp\/v2\/posts\/9502\/revisions"}],"predecessor-version":[{"id":9506,"href":"https:\/\/www.lajarbelle.com\/index.php\/wp-json\/wp\/v2\/posts\/9502\/revisions\/9506"}],"wp:featuredmedia":[{"embeddable":true,"href":"https:\/\/www.lajarbelle.com\/index.php\/wp-json\/wp\/v2\/media\/9507"}],"wp:attachment":[{"href":"https:\/\/www.lajarbelle.com\/index.php\/wp-json\/wp\/v2\/media?parent=9502"}],"wp:term":[{"taxonomy":"category","embeddable":true,"href":"https:\/\/www.lajarbelle.com\/index.php\/wp-json\/wp\/v2\/categories?post=9502"},{"taxonomy":"post_tag","embeddable":true,"href":"https:\/\/www.lajarbelle.com\/index.php\/wp-json\/wp\/v2\/tags?post=9502"}],"curies":[{"name":"wp","href":"https:\/\/api.w.org\/{rel}","templated":true}]}}